{"id":139194,"date":"2025-05-30T12:18:08","date_gmt":"2025-05-30T12:18:08","guid":{"rendered":"https:\/\/www.europesays.com\/fr\/139194\/"},"modified":"2025-05-30T12:18:08","modified_gmt":"2025-05-30T12:18:08","slug":"licone-offerte-par-zelensky-au-pape-un-symbole-de-lukraine-en-guerre","status":"publish","type":"post","link":"https:\/\/www.europesays.com\/fr\/139194\/","title":{"rendered":"L\u2019ic\u00f4ne offerte par Zelensky au pape, un symbole de l\u2019Ukraine en guerre"},"content":{"rendered":"\n<p>Le 18\u00a0mai dernier, le pr\u00e9sident ukrainien, Volodymyr Zelensky, a offert au <a href=\"https:\/\/www.courrierinternational.com\/article\/etats-unis-leon-xiv-le-pape-anti-america-first_230766\" rel=\"nofollow noopener\" target=\"_blank\">pape L\u00e9on\u00a0XIV<\/a> une ic\u00f4ne inhabituelle qui a attir\u00e9 l\u2019attention du monde entier. Peinte sur le couvercle en bois d\u2019une caisse d\u2019obus d\u2019artillerie, cette \u0153uvre d\u2019art sacr\u00e9 est un symbole de la guerre en cours et de foi.<\/p>\n<p>L\u2019ic\u00f4ne est le r\u00e9sultat du travail d\u2019une famille de peintres de Kiev \u2013 Oleksandr Klymenko, Sonia\u00a0Atlantova et leur fils Herman. Depuis d\u00e9j\u00e0 pr\u00e8s de onze ans, ils peignent des tableaux sur des planches rapport\u00e9es du front.<\/p>\n<p>L\u2019id\u00e9e remonte \u00e0 l\u2019ann\u00e9e 2014 [au d\u00e9but des affrontements dans le Donbass]. \u00c0 cette \u00e9poque, Oleksandr se trouvait sur la base d\u2019un bataillon de volontaires, et il a vu une montagne de caisses de munitions en bois. Il a remarqu\u00e9 qu\u2019elles ressemblaient beaucoup aux planches utilis\u00e9es pour peindre des ic\u00f4nes traditionnelles.<\/p>\n<p>Ainsi est n\u00e9e la premi\u00e8re ic\u00f4ne, qui repr\u00e9sentait la Vierge Marie. \u201cL\u2019id\u00e9e ma\u00eetresse de ce projet, c\u2019est de raconter la guerre avec la langue des arts ukrainiens traditionnels\u201d, explique Oleksandr Klymenko.<\/p>\n<blockquote><p>\u201cL\u2019ic\u00f4ne de la Vierge est l\u2019arch\u00e9type de la maternit\u00e9. C\u2019est l\u2019histoire universelle de l\u2019humanit\u00e9 \u2013 celle d\u2019une m\u00e8re et de son enfant qui lui a \u00e9t\u00e9 enlev\u00e9.\u201d<\/p><\/blockquote>\n<p> Un \u201csymbole des souffrances ukrainiennes\u201d <\/p>\n<p>Chaqu<\/p>\n","protected":false},"excerpt":{"rendered":"Le 18\u00a0mai dernier, le pr\u00e9sident ukrainien, Volodymyr Zelensky, a offert au pape L\u00e9on\u00a0XIV une ic\u00f4ne inhabituelle qui a&hellip;\n","protected":false},"author":2,"featured_media":139195,"comment_status":"","ping_status":"","sticky":false,"template":"","format":"standard","meta":{"footnotes":""},"categories":[1590],"tags":[11,3734,251,1777,674,131,12,4020,220],"class_list":{"0":"post-139194","1":"post","2":"type-post","3":"status-publish","4":"format-standard","5":"has-post-thumbnail","7":"category-ukraine","8":"tag-actualites","9":"tag-art","10":"tag-culture","11":"tag-eu","12":"tag-europe","13":"tag-guerre-en-ukraine","14":"tag-news","15":"tag-religion","16":"tag-ukraine"},"share_on_mastodon":{"url":"https:\/\/pubeurope.com\/@fr\/114596748158304005","error":""},"_links":{"self":[{"href":"https:\/\/www.europesays.com\/fr\/wp-json\/wp\/v2\/posts\/139194","targetHints":{"allow":["GET"]}}],"collection":[{"href":"https:\/\/www.europesays.com\/fr\/wp-json\/wp\/v2\/posts"}],"about":[{"href":"https:\/\/www.europesays.com\/fr\/wp-json\/wp\/v2\/types\/post"}],"author":[{"embeddable":true,"href":"https:\/\/www.europesays.com\/fr\/wp-json\/wp\/v2\/users\/2"}],"replies":[{"embeddable":true,"href":"https:\/\/www.europesays.com\/fr\/wp-json\/wp\/v2\/comments?post=139194"}],"version-history":[{"count":0,"href":"https:\/\/www.europesays.com\/fr\/wp-json\/wp\/v2\/posts\/139194\/revisions"}],"wp:featuredmedia":[{"embeddable":true,"href":"https:\/\/www.europesays.com\/fr\/wp-json\/wp\/v2\/media\/139195"}],"wp:attachment":[{"href":"https:\/\/www.europesays.com\/fr\/wp-json\/wp\/v2\/media?parent=139194"}],"wp:term":[{"taxonomy":"category","embeddable":true,"href":"https:\/\/www.europesays.com\/fr\/wp-json\/wp\/v2\/categories?post=139194"},{"taxonomy":"post_tag","embeddable":true,"href":"https:\/\/www.europesays.com\/fr\/wp-json\/wp\/v2\/tags?post=139194"}],"curies":[{"name":"wp","href":"https:\/\/api.w.org\/{rel}","templated":true}]}}