{"id":13921,"date":"2025-04-10T01:14:11","date_gmt":"2025-04-10T01:14:11","guid":{"rendered":"https:\/\/www.europesays.com\/fr\/13921\/"},"modified":"2025-04-10T01:14:11","modified_gmt":"2025-04-10T01:14:11","slug":"le-prince-harry-est-de-retour-a-londres","status":"publish","type":"post","link":"https:\/\/www.europesays.com\/fr\/13921\/","title":{"rendered":"Le prince Harry est de retour \u00e0 Londres"},"content":{"rendered":"<p>Le <a href=\"https:\/\/www.vanityfair.fr\/dossier\/prince-harry\" isautogenerated=\"true\" target=\"_blank\" rel=\"noopener\">prince Harry<\/a> est de retour en Angleterre. Le duc de Sussex a fait son apparition ce mardi 8 avril matin \u00e0 la cour royale de <a href=\"https:\/\/www.vanityfair.fr\/dossier\/londres\" isautogenerated=\"true\" target=\"_blank\" rel=\"noopener\">Londres<\/a>, souriant et saluant bri\u00e8vement la foule avant de s&rsquo;engouffrer dans la cour d&rsquo;appel devant laquelle il doit t\u00e9moigner pendant deux jours. Pas de batailles contre les tablo\u00efds britanniques cette fois-ci, mais un d\u00e9saccord avec le minist\u00e8re de l&rsquo;Int\u00e9rieur. En quittant ses fonctions royales et en s&rsquo;\u00e9tablissant aux \u00c9tats-Unis, le fils du roi <a href=\"https:\/\/www.vanityfair.fr\/dossier\/charles-iii\" isautogenerated=\"true\" target=\"_blank\" rel=\"noopener\">Charles III<\/a> a d\u00fb renoncer \u00e0 sa protection polici\u00e8re automatique. Une disposition qu&rsquo;il conteste depuis cinq ans.<\/p>\n<p>Pas de job de t\u00eate couronn\u00e9e \u00e0 plein temps, pas de protection polici\u00e8re automatique, avait tranch\u00e9 le gouvernement et le RAVEC (le Comit\u00e9 ex\u00e9cutif pour la protection de la royaut\u00e9 et des personnalit\u00e9s publiques) en f\u00e9vrier 2020, \u00e0 l&rsquo;heure o\u00f9 le prince Harry et <a href=\"https:\/\/www.vanityfair.fr\/dossier\/meghan-markle\" isautogenerated=\"true\" target=\"_blank\" rel=\"noopener\">Meghan Markle<\/a> faisaient leurs valises pour les \u00c9tats-Unis. Elle proposait aux Sussex une s\u00e9curit\u00e9 \u00ab sur mesure \u00bb et au \u00ab cas par cas \u00bb lors de leurs \u00e9ventuels retours en Angleterre.<\/p>\n<p>Le prince Harry arrive \u00e0 la Cour royale de Londres, le 8 avril 2025.Neil Mockford\/Getty Images<\/p>\n<p>Fustigeant la d\u00e9cision, le prince Harry &#8211; qui dispose d&rsquo;une s\u00e9curit\u00e9 priv\u00e9e outre-Atlantique &#8211; avait d\u00e9clar\u00e9 en d\u00e9cembre 2023 devant le tribunal qu&rsquo;une telle mesure l&#8217;emp\u00eachait de revenir sereinement en compagnie des siens dans son pays natal. \u00ab\u00a0Le Royaume-Uni est central dans l\u2019histoire de mes enfants et un endroit o\u00f9 je souhaite qu\u2019ils se sentent chez eux, m\u00eame s\u2019ils vivent actuellement aux \u00c9tats-Unis, disait-il. Mais cela est difficile s\u2019il n\u2019est pas possible d\u2019assurer leur s\u00e9curit\u00e9 lorsqu\u2019ils sont sur le territoire britannique.\u00a0(\u2026) Je ne peux pas mettre mon \u00e9pouse en danger de la sorte, \u00e9tant donn\u00e9 ce que j\u2019ai v\u00e9cu. Je suis r\u00e9ticent \u00e0 me mettre aussi moi-m\u00eame inutilement en danger\u00a0\u00bb, insistait-il.<\/p>\n<p>Le prince Harry et le roi Charles III ne se sont pas vus<\/p>\n<p>Sa proposition de prendre en charge les frais li\u00e9s \u00e0 ce d\u00e9ploiement s\u00e9curitaire avait \u00e9t\u00e9 rejet\u00e9e en bloc, \u00ab l&rsquo;int\u00e9r\u00eat public \u00bb ne pouvant la justifier. Le tribunal avait rendu sa d\u00e9cision d\u00e9but 2024, plaidant que le dispositif personnalis\u00e9 n&rsquo;\u00e9tait ni \u00ab irrationnel \u00bb ni \u00ab entach\u00e9 d&rsquo;injustice \u00bb. Une d\u00e9cision contest\u00e9e par le prince Harry et rejug\u00e9e en appel ces 8 et 9 avril. N&rsquo;arrivant pas \u00e0 faire plier le gouvernement, le duc de Sussex aurait demand\u00e9 \u00e0 son p\u00e8re d&rsquo;intervenir. Sans succ\u00e8s.<\/p>\n<p>Selon les informations du <a data-offer-url=\"https:\/\/www.thesun.co.uk\/royals\/34349505\/prince-harry-didnt-meet-dad-charles-uk-court-visit\/\" class=\"external-link\" data-event-click=\"{&quot;element&quot;:&quot;ExternalLink&quot;,&quot;outgoingURL&quot;:&quot;https:\/\/www.thesun.co.uk\/royals\/34349505\/prince-harry-didnt-meet-dad-charles-uk-court-visit\/&quot;}\" href=\"https:\/\/www.thesun.co.uk\/royals\/34349505\/prince-harry-didnt-meet-dad-charles-uk-court-visit\/\" rel=\"nofollow noopener\" target=\"_blank\">Sun<\/a>, le prince Harry a atterri en Angleterre dimanche, quelques heures avant le d\u00e9part du roi Charles III en Italie pour <a href=\"https:\/\/www.vanityfair.fr\/article\/charles-iii-et-camilla-amoureux-sous-le-soleil-italien-pour-les-portraits-officiels-de-leurs-20-ans-de-mariage\" target=\"_blank\" rel=\"noopener\">une visite d&rsquo;Etat de trois jours avec la reine Camilla<\/a>. <a data-offer-url=\"https:\/\/www.hellomagazine.com\/royalty\/825045\/prince-harry-flies-into-london-without-meghan-markle-or-children\/\" class=\"external-link\" data-event-click=\"{&quot;element&quot;:&quot;ExternalLink&quot;,&quot;outgoingURL&quot;:&quot;https:\/\/www.hellomagazine.com\/royalty\/825045\/prince-harry-flies-into-london-without-meghan-markle-or-children\/&quot;}\" href=\"https:\/\/www.hellomagazine.com\/royalty\/825045\/prince-harry-flies-into-london-without-meghan-markle-or-children\/\" rel=\"nofollow noopener\" target=\"_blank\">Hello<\/a> indique que le roi et son fils n&rsquo;ont pu s&rsquo;entretenir, le souverain ayant un rendez-vous pr\u00e9vu \u00e0 son agenda. Leur derni\u00e8re entrevue r\u00e9v\u00e9l\u00e9e au grand public remonte au mois de f\u00e9vrier 2024. Apr\u00e8s l&rsquo;annonce du diagnostic de cancer du roi, le prince Harry avait fait un rapide aller-retour en Angleterre afin de s&rsquo;entretenir quelques minutes avec son p\u00e8re.<\/p>\n","protected":false},"excerpt":{"rendered":"Le prince Harry est de retour en Angleterre. Le duc de Sussex a fait son apparition ce mardi&hellip;\n","protected":false},"author":2,"featured_media":13922,"comment_status":"","ping_status":"","sticky":false,"template":"","format":"standard","meta":{"footnotes":""},"categories":[1359],"tags":[58,59,1011,27,973,267],"class_list":{"0":"post-13921","1":"post","2":"type-post","3":"status-publish","4":"format-standard","5":"has-post-thumbnail","7":"category-people","8":"tag-divertissement","9":"tag-entertainment","10":"tag-fr","11":"tag-france","12":"tag-people","13":"tag-prince-harry"},"share_on_mastodon":{"url":"https:\/\/pubeurope.com\/@fr\/114311021428424231","error":""},"_links":{"self":[{"href":"https:\/\/www.europesays.com\/fr\/wp-json\/wp\/v2\/posts\/13921","targetHints":{"allow":["GET"]}}],"collection":[{"href":"https:\/\/www.europesays.com\/fr\/wp-json\/wp\/v2\/posts"}],"about":[{"href":"https:\/\/www.europesays.com\/fr\/wp-json\/wp\/v2\/types\/post"}],"author":[{"embeddable":true,"href":"https:\/\/www.europesays.com\/fr\/wp-json\/wp\/v2\/users\/2"}],"replies":[{"embeddable":true,"href":"https:\/\/www.europesays.com\/fr\/wp-json\/wp\/v2\/comments?post=13921"}],"version-history":[{"count":0,"href":"https:\/\/www.europesays.com\/fr\/wp-json\/wp\/v2\/posts\/13921\/revisions"}],"wp:featuredmedia":[{"embeddable":true,"href":"https:\/\/www.europesays.com\/fr\/wp-json\/wp\/v2\/media\/13922"}],"wp:attachment":[{"href":"https:\/\/www.europesays.com\/fr\/wp-json\/wp\/v2\/media?parent=13921"}],"wp:term":[{"taxonomy":"category","embeddable":true,"href":"https:\/\/www.europesays.com\/fr\/wp-json\/wp\/v2\/categories?post=13921"},{"taxonomy":"post_tag","embeddable":true,"href":"https:\/\/www.europesays.com\/fr\/wp-json\/wp\/v2\/tags?post=13921"}],"curies":[{"name":"wp","href":"https:\/\/api.w.org\/{rel}","templated":true}]}}