{"id":139220,"date":"2025-05-30T12:34:11","date_gmt":"2025-05-30T12:34:11","guid":{"rendered":"https:\/\/www.europesays.com\/fr\/139220\/"},"modified":"2025-05-30T12:34:11","modified_gmt":"2025-05-30T12:34:11","slug":"nicolas-silliau-ca-fait-du-bien-au-moral-actualite","status":"publish","type":"post","link":"https:\/\/www.europesays.com\/fr\/139220\/","title":{"rendered":"Nicolas Silliau : \u00ab \u00c7a fait du bien au moral \u00bb &#8211; Actualit\u00e9"},"content":{"rendered":"<p style=\"text-align: justify;\">Aux portes du Top 10 \u00e0 trois reprises l\u2019an pass\u00e9, Nicolas Silliau a cette fois-ci pris place dans le Top 5 d\u2019une \u00e9tape de l\u2019Alpes Is\u00e8re Tour (2.2). Le coureur de Bourg-en-Bresse Ain Cyclisme est all\u00e9 prendre, ce jeudi, la 5e position de l\u2019\u00e9tape remport\u00e9e par l\u2019Allemand Moritz Kretschy (<strong><a href=\"https:\/\/www.directvelo.com\/actualite\/120982\/alpes-isere-tour-et-2-classements\" target=\"_blank\" rel=\"noopener\">voir classement<\/a><\/strong>). \u201cForc\u00e9ment on esp\u00e8re toujours mieux mais c&rsquo;est une bonne place. C&rsquo;\u00e9tait une journ\u00e9e tr\u00e8s dure. D\u00e8s le d\u00e9but, \u00e7a roulait \u00e0 bloc, je ne me sentais pas tr\u00e8s bien. Je ne pensais pas que j&rsquo;allais faire une si belle place parce que je n\u2019\u00e9tais vraiment pas top. Au fur et \u00e0 mesure, \u00e7a s&rsquo;est vraiment d\u00e9bloqu\u00e9\u201d, rapporte-t-il \u00e0 DirectVelo.<\/p>\n<p>Quand le peloton se morcelle dans le Mur de Blandin, il se retrouve dans le deuxi\u00e8me groupe. \u201cJ&rsquo;ai r\u00e9ussi \u00e0 rentrer un peu in extremis\u201d. Dans le final, il a b\u00e9n\u00e9fici\u00e9 du travail d\u2019Arthur Meyer. \u201cIl m&rsquo;a vraiment bien plac\u00e9 \u00e0 l&rsquo;approche des cinq kilom\u00e8tres\u201d. Moritz Kretschy et Maxime Decomble parviennent \u00e0 pi\u00e9ger les sprinteurs \u00e0 quatre bornes du but. \u201cIls \u00e9taient vraiment costauds, c&rsquo;\u00e9tait dur d&rsquo;y aller\u201d. L\u2019arriv\u00e9e, en bosse, correspondait \u00e0 ses qualit\u00e9s. \u201cJe me suis dit qu&rsquo;il y avait moyen de faire un r\u00e9sultat. J&rsquo;ai vu l&rsquo;ouverture avant le virage \u00e0 gauche, je suis remont\u00e9, je passe m\u00eame premier. C&rsquo;\u00e9tait un peu loin de la ligne. Je n&rsquo;ai pas voulu lancer de suite et apr\u00e8s, je me fais d\u00e9passer. Mais franchement, je suis content\u201d.<\/p>\n<p>Depuis deux semaines, le Breton n\u2019avait pas de grandes sensations en raison d\u2019allergies au pollen. \u201c\u00c7a fait du bien au moral\u201d. Il avait d\u00e9barqu\u00e9 sur l\u2019\u00e9preuve is\u00e9roise sans passer des heures \u00e0 analyser tous les d\u00e9tails des \u00e9tapes. \u201cJe sais que samedi et dimanche, ce sera dur, alors j\u2019ai plut\u00f4t coch\u00e9 les trois premi\u00e8res journ\u00e9es\u201d. Ce vendredi, entre Colombier-Saunier et Jons, l\u2019\u00e9tape pourrait encore se finir au sprint. \u201c\u00c7a peut \u00eatre sympa&#8230; Puis \u00e0 partir de samedi, \u00e7a sera focus sur Louis (Ferreira) pour le placer et qu&rsquo;il aille faire le meilleur r\u00e9sultat possible. On court sans complexe face aux \u00e9quipes Continentales. On est dans une bonne dynamique avec les gars qui ont vraiment march\u00e9 \u00e0 la Ronde de l\u2019Isard. On a vraiment envie de bien faire\u201d.<\/p>\n<p>\u00a0<\/p>\n","protected":false},"excerpt":{"rendered":"Aux portes du Top 10 \u00e0 trois reprises l\u2019an pass\u00e9, Nicolas Silliau a cette fois-ci pris place dans&hellip;\n","protected":false},"author":2,"featured_media":139221,"comment_status":"","ping_status":"","sticky":false,"template":"","format":"standard","meta":{"footnotes":""},"categories":[1411],"tags":[834,828,836,829,837,827,83,826,824,823,1154,207,814,817,815,816,822,821,832,211,839,1011,27,820,818,819,835,831,830,833,838,60,212,208,825],"class_list":{"0":"post-139220","1":"post","2":"type-post","3":"status-publish","4":"format-standard","5":"has-post-thumbnail","7":"category-cyclisme","8":"tag-attaque","9":"tag-belgique","10":"tag-braquet","11":"tag-bretagne","12":"tag-chute","13":"tag-competition","14":"tag-coupe-de-france","15":"tag-coureur","16":"tag-course-cyclisme","17":"tag-course-cycliste","18":"tag-cycling","19":"tag-cyclisme","20":"tag-direct","21":"tag-direct-velo","22":"tag-directvelo","23":"tag-directvelo-com","24":"tag-epreuve","25":"tag-epreuve-cycliste","26":"tag-federation-francaise-de-cyclisme","27":"tag-ffc","28":"tag-flandres","29":"tag-fr","30":"tag-france","31":"tag-live","32":"tag-live-course","33":"tag-live-epreuve","34":"tag-peloton","35":"tag-radio-peloton","36":"tag-radio-tour","37":"tag-ravitaillement","38":"tag-relance","39":"tag-sports","40":"tag-uci","41":"tag-velo","42":"tag-velos"},"share_on_mastodon":{"url":"https:\/\/pubeurope.com\/@fr\/114596810889343415","error":""},"_links":{"self":[{"href":"https:\/\/www.europesays.com\/fr\/wp-json\/wp\/v2\/posts\/139220","targetHints":{"allow":["GET"]}}],"collection":[{"href":"https:\/\/www.europesays.com\/fr\/wp-json\/wp\/v2\/posts"}],"about":[{"href":"https:\/\/www.europesays.com\/fr\/wp-json\/wp\/v2\/types\/post"}],"author":[{"embeddable":true,"href":"https:\/\/www.europesays.com\/fr\/wp-json\/wp\/v2\/users\/2"}],"replies":[{"embeddable":true,"href":"https:\/\/www.europesays.com\/fr\/wp-json\/wp\/v2\/comments?post=139220"}],"version-history":[{"count":0,"href":"https:\/\/www.europesays.com\/fr\/wp-json\/wp\/v2\/posts\/139220\/revisions"}],"wp:featuredmedia":[{"embeddable":true,"href":"https:\/\/www.europesays.com\/fr\/wp-json\/wp\/v2\/media\/139221"}],"wp:attachment":[{"href":"https:\/\/www.europesays.com\/fr\/wp-json\/wp\/v2\/media?parent=139220"}],"wp:term":[{"taxonomy":"category","embeddable":true,"href":"https:\/\/www.europesays.com\/fr\/wp-json\/wp\/v2\/categories?post=139220"},{"taxonomy":"post_tag","embeddable":true,"href":"https:\/\/www.europesays.com\/fr\/wp-json\/wp\/v2\/tags?post=139220"}],"curies":[{"name":"wp","href":"https:\/\/api.w.org\/{rel}","templated":true}]}}