{"id":139224,"date":"2025-05-30T12:36:09","date_gmt":"2025-05-30T12:36:09","guid":{"rendered":"https:\/\/www.europesays.com\/fr\/139224\/"},"modified":"2025-05-30T12:36:09","modified_gmt":"2025-05-30T12:36:09","slug":"michel-drucker-revele-la-maniere-insolite-dont-il-a-envie-de-mourir","status":"publish","type":"post","link":"https:\/\/www.europesays.com\/fr\/139224\/","title":{"rendered":"Michel Drucker r\u00e9v\u00e8le la mani\u00e8re insolite dont il a envie de mourir"},"content":{"rendered":"<p>      R\u00e9sum\u00e9<\/p>\n<p>Michel Drucker face au Youtubeur Guillaume Pley a parl\u00e9 de la mort en toute franchise jusqu&rsquo;\u00e0 d\u00e9voiler la mani\u00e8re dont il souhaite que sa vie s&rsquo;arr\u00eate.<\/p>\n<p>        Sommaire<\/p>\n<p>Rare sont les \u00e9missions \u00e0 durer dans le temps\u2026 Et pourtant, voil\u00e0 maintenant<strong> vingt-sept ans<\/strong> que Michel Drucker est aux manettes de <strong>l&rsquo;\u00e9mission \u00ab\u00a0Vivement dimanche\u00a0\u00bb<\/strong>, tous les dimanches apr\u00e8s-midi, sur France 3. Un <strong>programme articul\u00e9 autour d&rsquo;un invit\u00e9<\/strong> et au cours duquel <a href=\"https:\/\/www.public.fr\/emmanuel-macron-brillant-la-declaration-damour-de-michel-drucker\" target=\"_blank\" rel=\"noopener\">le pape de la t\u00e9l\u00e9vision fran\u00e7aise<\/a> re\u00e7oit sa famille, ses amis ou encore ses plus proches collaborateurs. Des <strong>face-\u00e0-face \u00e0 la saveur particuli\u00e8re<\/strong> car, \u00e0 82 ans, <a href=\"https:\/\/www.public.fr\/michel-drucker-la-folle-histoire-de-sa-niece-avec-brad-pitt\" target=\"_blank\" rel=\"noopener\">le journaliste<\/a> conna\u00eet les acteurs du show-business comme sa poche. <\/p>\n<p>Toutefois, actuellement, <strong>l&rsquo;\u00e9mission est \u00e0 l&rsquo;arr\u00eat<\/strong> et ne reviendra \u00e0 l&rsquo;antenne que le 8\u00a0juin prochain avec <a href=\"https:\/\/www.public.fr\/evelyne-dheliat-a-77-ans-la-consecration-marie-sophie-lacarrau-emue-pour-sa-collegue\" target=\"_blank\" rel=\"noopener\">\u00c9velyne Dh\u00e9liat <\/a>et Denise Fabre pour invit\u00e9es. Une d\u00e9programmation due, comme chaque ann\u00e9e, \u00e0 la <strong>diffusion des matchs de <a href=\"https:\/\/www.public.fr\/roland-garros-2025-apres-lhommage-a-rafael-nadal-lenorme-scandale\" target=\"_blank\" rel=\"noopener\">Roland-Garros<\/a><\/strong>. C&rsquo;est \u00e0 cette m\u00eame date qu&rsquo;est annonc\u00e9e la finale Messieurs du Grand Chelem mais elle sera diffus\u00e9e sur France 2. Ainsi, comme convenu, <a href=\"https:\/\/www.public.fr\/michel-drucker-ce-secret-quil-a-longtemps-garde-pour-lui-elle-mapprend-quelle-est-la-maitresse-de-mitterrand\" target=\"_blank\" rel=\"noopener\">le Normand<\/a> pourra s&rsquo;installer sur <strong>son mythique canap\u00e9 rouge<\/strong>. Un fauteuil qu&rsquo;il ne compte pas l\u00e2cher de sit\u00f4t.<\/p>\n<p>En effet, <a href=\"https:\/\/www.public.fr\/jean-luc-delarue-en-est-mort-michel-drucker-ses-confidences-choc-sur-la-drogue-dans-le-milieu-du-showbiz\" target=\"_blank\" rel=\"noopener\">ce dernier<\/a> l&rsquo;a clairement sp\u00e9cifi\u00e9 lors d&rsquo;<strong>un entretien unique<\/strong>. \u00c0 l&rsquo;occasion du 2000e num\u00e9ro de TV Magazine, <a href=\"https:\/\/tvmag.lefigaro.fr\/programme-tv\/actu-tele\/michel-drucker-et-guillaume-pley-youtube-et-la-television-c-est-la-meme-chose-20250529\" target=\"_blank\" rel=\"noopener\">nos confr\u00e8res<\/a> ont r\u00e9uni <strong>Michel Drucker et le Youtubeur Guillaume Pley<\/strong>. Ensemble, ils ont \u00e9voqu\u00e9 la TV d&rsquo;hier, celle d&rsquo;aujourd&rsquo;hui et celle de demain. Et autant dire que <a href=\"https:\/\/www.public.fr\/michel-drucker-infatigable-annonce-revenir-avec-une-nouvelle-emission\" target=\"_blank\" rel=\"noopener\">le pilote d&rsquo;h\u00e9licopt\u00e8re<\/a> compte bien faire partie de la \u00ab\u00a0TV de demain\u00a0\u00bb.<\/p>\n<p>Michel Drucker a d\u00e9j\u00e0 pens\u00e9 \u00e0 sa propre mort <\/p>\n<p>\u00ab\u00a0Moi je veux mourir sur sc\u00e8ne, devant les projecteurs&#8230; Oui je veux mourir sur sc\u00e8ne\u2026\u00a0\u00bb chantait Dalida en 1983. Des paroles qui, sans aucun doute, parlent \u00e0 Michel Drucker. En effet, \u00e0 l&rsquo;occasion de son entretien avec la star des r\u00e9seaux sociaux, <a href=\"https:\/\/www.google.com\/url?sa=t&amp;source=web&amp;rct=j&amp;opi=89978449&amp;url=https:\/\/vsd.fr\/77943-michel-drucker-vivement-dimanche-sarrete\/&amp;ved=2ahUKEwjwo4WL88qNAxVlRKQEHRSsAXkQFnoECBwQAQ&amp;usg=AOvVaw3DxcZq2eI-uj2kH3_4lVaC\" target=\"_blank\" rel=\"noopener\">le compagnon de Dany Saval<\/a> s&rsquo;est livr\u00e9 sans filtre <strong>sur sa mort<\/strong>, allant m\u00eame jusqu&rsquo;\u00e0 d\u00e9voiler <strong>la mani\u00e8re dont il souhaiterait que sa vie s&rsquo;ach\u00e8ve<\/strong>. \u00ab\u00a0\u00c0 82 ans, je pense que je ne pourrai plus me d\u00e9sintoxiquer de la t\u00e9l\u00e9\u00a0! Mais je sais que <strong>si un jour je commence \u00e0 perdre mes facult\u00e9s, j\u2019arr\u00eaterai de moi-m\u00eame<\/strong>\u00a0\u00bb a-t-il commenc\u00e9 par lancer.<\/p>\n<p>Toutefois, ce n&rsquo;est absolument pas de cette mani\u00e8re qu&rsquo;il aimerait que se termine sa carri\u00e8re. Non, dans l&rsquo;id\u00e9al, \u00ab\u00a0<strong>je voudrais mourir apr\u00e8s une \u00e9mission que j\u2019aurais pr\u00e9sent\u00e9e<\/strong>\u00ab\u00a0, a-t-il confi\u00e9 en toute franchise. D&rsquo;ailleurs, le 25\u00a0avril dernier,<a href=\"https:\/\/www.google.com\/url?sa=t&amp;source=web&amp;rct=j&amp;opi=89978449&amp;url=https:\/\/vsd.fr\/56210-michel-drucker-un-depart-a-la-retraite-pas-pour-tout-de-suite-pour-animateur-de-81-ans\/&amp;ved=2ahUKEwjwo4WL88qNAxVlRKQEHRSsAXkQFnoECB4QAQ&amp;usg=AOvVaw3Cs3QZPnVXN87_egyEFoyj\" target=\"_blank\" rel=\"noopener\"> l&rsquo;oncle de L\u00e9a et Marie Drucker<\/a> s&rsquo;\u00e9tait d\u00e9j\u00e0 exprim\u00e9 sur sa fin de vie dans les colonnes de Lib\u00e9ration. Ses propos allaient dans le m\u00eame sens. \u201c<strong>La passion ne fatigue pas. Les anciens continuaient jusqu\u2019au bout [&#8230;] \u201cJe veux mourir \u00e0 la t\u00e9l\u00e9 apr\u00e8s le g\u00e9n\u00e9rique de fin\u201d<\/strong>, avait-il indiqu\u00e9. <\/p>\n<p>      Mentionn\u00e9s dans cet article<\/p>\n<p>\u00c0 lire aussi<\/p>\n","protected":false},"excerpt":{"rendered":"R\u00e9sum\u00e9 Michel Drucker face au Youtubeur Guillaume Pley a parl\u00e9 de la mort en toute franchise jusqu&rsquo;\u00e0 d\u00e9voiler&hellip;\n","protected":false},"author":2,"featured_media":139225,"comment_status":"","ping_status":"","sticky":false,"template":"","format":"standard","meta":{"footnotes":""},"categories":[1359],"tags":[16788,5586,26578,58,59,1011,27,876,2400,877,18,973,878],"class_list":{"0":"post-139224","1":"post","2":"type-post","3":"status-publish","4":"format-standard","5":"has-post-thumbnail","7":"category-people","8":"tag-animateur-de-radio","9":"tag-animateur-de-television","10":"tag-confidence","11":"tag-divertissement","12":"tag-entertainment","13":"tag-fr","14":"tag-france","15":"tag-france-3","16":"tag-france-televisions","17":"tag-michel-drucker","18":"tag-mort","19":"tag-people","20":"tag-vivement-dimanche"},"share_on_mastodon":{"url":"https:\/\/pubeurope.com\/@fr\/114596818695326177","error":""},"_links":{"self":[{"href":"https:\/\/www.europesays.com\/fr\/wp-json\/wp\/v2\/posts\/139224","targetHints":{"allow":["GET"]}}],"collection":[{"href":"https:\/\/www.europesays.com\/fr\/wp-json\/wp\/v2\/posts"}],"about":[{"href":"https:\/\/www.europesays.com\/fr\/wp-json\/wp\/v2\/types\/post"}],"author":[{"embeddable":true,"href":"https:\/\/www.europesays.com\/fr\/wp-json\/wp\/v2\/users\/2"}],"replies":[{"embeddable":true,"href":"https:\/\/www.europesays.com\/fr\/wp-json\/wp\/v2\/comments?post=139224"}],"version-history":[{"count":0,"href":"https:\/\/www.europesays.com\/fr\/wp-json\/wp\/v2\/posts\/139224\/revisions"}],"wp:featuredmedia":[{"embeddable":true,"href":"https:\/\/www.europesays.com\/fr\/wp-json\/wp\/v2\/media\/139225"}],"wp:attachment":[{"href":"https:\/\/www.europesays.com\/fr\/wp-json\/wp\/v2\/media?parent=139224"}],"wp:term":[{"taxonomy":"category","embeddable":true,"href":"https:\/\/www.europesays.com\/fr\/wp-json\/wp\/v2\/categories?post=139224"},{"taxonomy":"post_tag","embeddable":true,"href":"https:\/\/www.europesays.com\/fr\/wp-json\/wp\/v2\/tags?post=139224"}],"curies":[{"name":"wp","href":"https:\/\/api.w.org\/{rel}","templated":true}]}}