{"id":13923,"date":"2025-04-10T01:15:13","date_gmt":"2025-04-10T01:15:13","guid":{"rendered":"https:\/\/www.europesays.com\/fr\/13923\/"},"modified":"2025-04-10T01:15:13","modified_gmt":"2025-04-10T01:15:13","slug":"ce-photographe-brestois-immortalise-la-ville-avec-son-style-bien-a-lui-diaporama","status":"publish","type":"post","link":"https:\/\/www.europesays.com\/fr\/13923\/","title":{"rendered":"Ce photographe brestois immortalise la ville avec son style bien \u00e0 lui [Diaporama]"},"content":{"rendered":"<p>Brest la blanche, telle qu\u2019on la voit depuis la mer, devenue grise dans nombre d\u2019endroits\u2026 Voil\u00e0 un clich\u00e9 qui a la vie dure. M\u00eame si l\u2019on sait qu\u2019<a href=\"https:\/\/www.letelegramme.fr\/finistere\/brest-29200\/a-brest-la-couleur-fait-doucement-son-bonhomme-de-chemin-6576148.php\" target=\"_blank\" rel=\"noopener\">un quartier s\u2019est vivement color\u00e9<\/a> depuis le d\u00e9but des ann\u00e9es 2000, en face de la fac de m\u00e9decine, et d\u2019autres maisons ici ou l\u00e0.<\/p>\n<p>Matthieu Venot, lui, voit Brest en couleurs mais plut\u00f4t en pastel et pas dans ces lieux facilement identifiables. Il inclut beaucoup de ciel, bleu clair, dans le cadre plut\u00f4t serr\u00e9 de ses photos. Des clich\u00e9s de morceaux d\u2019architecture tr\u00e8s graphique, qu\u2019il rend presque abstraite. Des fragments de ville. Par exemple la pointe de l\u2019immeuble en forme de navire, devant la station de tram Menez-Paul, avec ses murs blancs arrondis et son jaune qui appara\u00eet quand on regarde en l\u2019air, \u00e0 ses pieds.<\/p>\n<p>Celui qui est suivi par pr\u00e8s de 120\u00a0000 personnes sur le r\u00e9seau social Instagram et se d\u00e9finit comme un artiste visuel a commenc\u00e9 \u00e0 faire de la photo en 2015. \u00ab\u00a0Je suis Brestois et je trouvais la ville grise, sombre, en noir et blanc. Mais j\u2019ai v\u00e9cu vingt ans en r\u00e9gion parisienne et quand je suis revenu, j\u2019ai appris \u00e0 red\u00e9couvrir la ville\u00a0\u00bb.<\/p>\n<p>La une de \u00ab\u00a0GQ\u00a0\u00bb aux \u00c9tats-Unis<\/p>\n<p>Son style a plu au rappeur am\u00e9ricain Tyler. Il l\u2019a recommand\u00e9 au magazine \u00ab\u00a0GQ\u00a0\u00bb qui voulait le mettre <a href=\"https:\/\/www.letelegramme.fr\/t-plus\/photo-le-portrait-de-matthieu-va-faire-la-couverture-de-la-revue-americaine-gq-92372.php\" target=\"_blank\" rel=\"noopener\">en couverture, en 2018<\/a>. \u00ab\u00a0C\u2019\u00e9tait assez incroyable\u00a0! Je voulais refuser, au d\u00e9but, parce que je n\u2019avais jamais fait de portrait\u00a0\u00bb, sourit encore Matthieu Venot. \u00ab\u00a0Je devais apporter mon style mais bon, qu\u2019on reconnaisse Tyler, au moins\u2026\u00a0\u00bb<\/p>\n<p>Il est parti \u00e0 Miami pour une exposition. Des commandes l\u2019ont conduit sur un shooting de mode dans des h\u00f4tels de luxe \u00e0 Ath\u00e8nes, par exemple. \u00ab\u00a0Il y a une r\u00e9sonance entre Brest et Miami\u00a0\u00bb, estime-t-il. Point de vue peu banal. Lisbonne et sa p\u00e9riph\u00e9rie, la Sicile, P\u00e9kin, m\u00eame, lui apportent la mati\u00e8re qu\u2019il recherche. Mais \u00ab\u00a0pas Paris, qu\u2019on reconna\u00eet trop\u00a0\u00bb, estime l\u2019artiste. Brest donc, le plus souvent mais aussi, en Bretagne, Morlaix, Rennes ou Lorient.<\/p>\n<p>\u00ab\u00a0Il y a de plus en plus de couleurs, je trouve, dans les villes. Je suis coloriste\u00a0!\u00a0\u00bb, se d\u00e9finit \u00e0 nouveau Matthieu, qui avoue au final\u00a0: \u00ab\u00a0C\u2019est la peinture qui m\u2019int\u00e9resse. Mais je n\u2019ose pas aller plus loin\u00a0\u00bb.<\/p>\n","protected":false},"excerpt":{"rendered":"Brest la blanche, telle qu\u2019on la voit depuis la mer, devenue grise dans nombre d\u2019endroits\u2026 Voil\u00e0 un clich\u00e9&hellip;\n","protected":false},"author":2,"featured_media":13924,"comment_status":"","ping_status":"","sticky":false,"template":"","format":"standard","meta":{"footnotes":""},"categories":[1358],"tags":[1348,1384,1385,3450,251,1386,58,59,1011,27,1756],"class_list":{"0":"post-13923","1":"post","2":"type-post","3":"status-publish","4":"format-standard","5":"has-post-thumbnail","7":"category-arts-et-design","8":"tag-arts","9":"tag-arts-and-design","10":"tag-arts-et-design","11":"tag-brest","12":"tag-culture","13":"tag-design","14":"tag-divertissement","15":"tag-entertainment","16":"tag-fr","17":"tag-france","18":"tag-photographie"},"share_on_mastodon":{"url":"https:\/\/pubeurope.com\/@fr\/114311025570688670","error":""},"_links":{"self":[{"href":"https:\/\/www.europesays.com\/fr\/wp-json\/wp\/v2\/posts\/13923","targetHints":{"allow":["GET"]}}],"collection":[{"href":"https:\/\/www.europesays.com\/fr\/wp-json\/wp\/v2\/posts"}],"about":[{"href":"https:\/\/www.europesays.com\/fr\/wp-json\/wp\/v2\/types\/post"}],"author":[{"embeddable":true,"href":"https:\/\/www.europesays.com\/fr\/wp-json\/wp\/v2\/users\/2"}],"replies":[{"embeddable":true,"href":"https:\/\/www.europesays.com\/fr\/wp-json\/wp\/v2\/comments?post=13923"}],"version-history":[{"count":0,"href":"https:\/\/www.europesays.com\/fr\/wp-json\/wp\/v2\/posts\/13923\/revisions"}],"wp:featuredmedia":[{"embeddable":true,"href":"https:\/\/www.europesays.com\/fr\/wp-json\/wp\/v2\/media\/13924"}],"wp:attachment":[{"href":"https:\/\/www.europesays.com\/fr\/wp-json\/wp\/v2\/media?parent=13923"}],"wp:term":[{"taxonomy":"category","embeddable":true,"href":"https:\/\/www.europesays.com\/fr\/wp-json\/wp\/v2\/categories?post=13923"},{"taxonomy":"post_tag","embeddable":true,"href":"https:\/\/www.europesays.com\/fr\/wp-json\/wp\/v2\/tags?post=13923"}],"curies":[{"name":"wp","href":"https:\/\/api.w.org\/{rel}","templated":true}]}}