{"id":139230,"date":"2025-05-30T12:39:11","date_gmt":"2025-05-30T12:39:11","guid":{"rendered":"https:\/\/www.europesays.com\/fr\/139230\/"},"modified":"2025-05-30T12:39:11","modified_gmt":"2025-05-30T12:39:11","slug":"incroyable-joel-tout-le-monde-veut-prendre-sa-place-egalise-le-record-dun-autre-grand-champion-du-jeu","status":"publish","type":"post","link":"https:\/\/www.europesays.com\/fr\/139230\/","title":{"rendered":"Incroyable ! Jo\u00ebl (Tout le monde veut prendre sa place) \u00e9galise le record d&rsquo;un autre grand champion du jeu"},"content":{"rendered":"<p>Jo\u00ebl, l&rsquo;actuel champion de Tout le monde veut prendre sa place, a d\u00e9croch\u00e9 sa 124e victoire, ce vendredi 30 mai 2025. Avec cet exploit, le taulier du jeu anim\u00e9 chaque midi par Cyril F\u00e9raud \u00e9galise avec un autre grand champion embl\u00e9matique du programme.<\/p>\n<p>Plus rien n&rsquo;arr\u00eate Jo\u00ebl ! Arriv\u00e9 dans le fauteuil rouge de Tout le monde veut prendre sa place le 22 janvier 2025 sur France 2, le champion de Cyril F\u00e9raud n&rsquo;en finit plus de battre des records ! Si le parcours du crack des duos, carr\u00e9s ou cashs est loin de se faire sans encombre \u2013\u00a0<a href=\"https:\/\/www.programme-tv.net\/news\/tv\/378366-je-suis-content-d-avoir-perdu-joel-tout-le-monde-veut-prendre-sa-place-revele-la-belle-histoire-derriere-sa-troisieme-defaite-dans-le-jeu\/\" data-api-deeplink=\"teleloisirs:\/\/news\/378366\" target=\"_blank\" rel=\"noopener\">il a essuy\u00e9 une troisi\u00e8me d\u00e9faite le 7 mai dernier<\/a>\u00a0\u2013, son parcours lui permet cependant de se hisser au firmament des figures les plus embl\u00e9matiques de l&rsquo;\u00e9mission. Ce vendredi 30 mai, <b>l&rsquo;ancien conducteur de TGV, aujourd&rsquo;hui \u00e0 la retraite, c\u00e9l\u00e9brait sa 124e victoire \u00e0 la t\u00eate du jeu de midi de la Deux<\/b>. Un chiffre symbolique : c&rsquo;est autant de triomphe qu&rsquo;un autre grand champion du programme !<\/p>\n<p>Tout le monde veut prendre sa place : Jo\u00ebl devient 8e plus grand champion du jeu de Cyril F\u00e9raud ex aequo<\/p>\n<p><a href=\"https:\/\/www.programme-tv.net\/news\/tv\/309002-exclu-mathieu-elimine-de-tout-le-monde-veut-prendre-sa-place-cest-tres-brutal-je-ne-mattendais-pas-a-partir-a-ce-moment-la\/\" data-api-deeplink=\"teleloisirs:\/\/news\/309002\" target=\"_blank\" rel=\"noopener\">Apr\u00e8s avoir d\u00e9tr\u00f4n\u00e9 les Mathieu<\/a>, <a href=\"https:\/\/www.programme-tv.net\/news\/tv\/378534-ca-me-paraissait-inaccessible-joel-tout-le-monde-veut-prendre-sa-place-depasse-une-championne-emblematique-du-jeu\/\" data-api-deeplink=\"teleloisirs:\/\/news\/378534\" target=\"_blank\" rel=\"noopener\">les deux Isabelle<\/a> ainsi que S\u00e9bastien, place d\u00e9sormais \u00e0 un autre colosse de Tout le monde veut prendre sa place : Jean-Michel, qui \u00e9tait pass\u00e9 sur le fauteuil rouge du jeu pr\u00e9sent\u00e9 \u00e0 l&rsquo;\u00e9poque par Nagui et <a href=\"https:\/\/www.programme-tv.net\/news\/tv\/234405-jean-michel-elimine-de-tout-le-monde-veut-prendre-sa-place-apres-124-victoires-voila-ce-quil-va-faire-de-ses-105-300-euros\/\" data-api-deeplink=\"teleloisirs:\/\/news\/234405\" target=\"_blank\" rel=\"noopener\">avait remport\u00e9 pas moins de 105\u00a0300 euros<\/a>, trois voyages et une voiture et \u00e9tait rest\u00e9 \u00e0 son poste de f\u00e9vrier \u00e0 juin 2019. Il avait 124 victoires \u00e0 son actif, soit autant que Jo\u00ebl ce vendredi 30 mai 2025. Contrairement \u00e0 ce qu&rsquo;a dit Cyril F\u00e9raud \u00e0 l&rsquo;antenne, le Landais devient donc <b>le huiti\u00e8me plus grand champion ex aequo<\/b> de l&rsquo;\u00e9mission diffus\u00e9e chaque jour sur France 2. Il faudra donc patienter jusqu&rsquo;\u00e0 demain, samedi 31 mai, pour que Jo\u00ebl le d\u00e9passe officiellement&#8230; s&rsquo;il r\u00e9ussit \u00e0 d\u00e9crocher sa 125e victoire !<\/p>\n<p>                        Quand Jo\u00ebl pourrait-il devenir le plus grand champion de Tout le monde veut prendre sa place sur France 2 ?<\/p>\n<p>Reste que Jo\u00ebl n&rsquo;en a pas encore fini de gravir les \u00e9chelons de Tout le monde veut prendre sa place. Si le champion n&rsquo;essuie pas de d\u00e9faite suppl\u00e9mentaire et que le jeu n&rsquo;est pas d\u00e9programm\u00e9 des antennes de France 2 en raison d&rsquo;un quelconque \u00e9v\u00e9nement, il d\u00e9passera encore quelques grands joueurs embl\u00e9matiques. Le dimanche 15 juin, il pourrait se hisser devant <a href=\"https:\/\/www.programme-tv.net\/news\/tv\/92469-apres-139-victoires-stephane-elimine-de-tout-le-monde-veut-prendre-sa-place-j-ai-perdu-en-lucidite\/\" data-api-deeplink=\"teleloisirs:\/\/news\/92469\" target=\"_blank\" rel=\"noopener\">St\u00e9phane et ses 139 victoires<\/a>, avant de doubler quelques jours plus tard <a href=\"https:\/\/www.programme-tv.net\/news\/tv\/367685-elle-a-ete-d-un-grand-soutien-sandrine-tout-le-monde-veut-prendre-sa-place-se-confie-sur-son-amitie-avec-marie-christine\/\" data-api-deeplink=\"teleloisirs:\/\/news\/367685\" target=\"_blank\" rel=\"noopener\">Sandrine, quatri\u00e8me plus grande championne du jeu<\/a>, le mercredi 18 juin. Si le r\u00e9sident du programme de Cyril F\u00e9raud poursuit sa route sans accrocs, il pourrait monter sur le podium jeudi 26 juin, en d\u00e9passant <a href=\"https:\/\/www.programme-tv.net\/news\/tv\/350385-je-trouve-ca-moins-bon-dominique-3e-plus-grand-champion-de-tout-le-monde-veut-prendre-sa-place-cash-sur-la-nouvelle-version-du-jeu\/\" data-api-deeplink=\"teleloisirs:\/\/news\/350385\" target=\"_blank\" rel=\"noopener\">l&rsquo;inoubliable Dominique et ses 150 victoires<\/a>, puis surpasser <a href=\"https:\/\/www.programme-tv.net\/news\/tv\/215700-marie-christine-egale-le-record-de-julien-le-plus-grand-champion-de-tout-le-monde-veut-prendre-sa-place-video\/\" data-api-deeplink=\"teleloisirs:\/\/news\/215700\" target=\"_blank\" rel=\"noopener\">Julien, qui a triomph\u00e9 dans Tout le monde veut prendre sa place pas moins de 152 fois<\/a>. Il ne lui restera plus qu&rsquo;\u00e0 passer devant la grande num\u00e9ro 1, <a href=\"https:\/\/www.programme-tv.net\/news\/tv\/372027-j-avais-eu-un-cancer-marie-christine-revele-pourquoi-elle-a-voulu-participer-a-tout-le-monde-veut-prendre-sa-place\/\" data-api-deeplink=\"teleloisirs:\/\/news\/372027\" target=\"_blank\" rel=\"noopener\">l&#8217;embl\u00e9matique Marie-Christine et son record absolu de 213 victoires<\/a>. <b>Un exploit attendu pour le vendredi 29 ao\u00fbt prochain<\/b>. Mais pour que tout ceci se r\u00e9alise, encore faut-il que Jo\u00ebl excelle sans se faire battre, qu&rsquo;il ne se fasse pas \u00e9liminer de l&rsquo;\u00e9mission et qu&rsquo;aucune d\u00e9programmation ne vienne d\u00e9caler la diffusion du jeu !<\/p>\n","protected":false},"excerpt":{"rendered":"Jo\u00ebl, l&rsquo;actuel champion de Tout le monde veut prendre sa place, a d\u00e9croch\u00e9 sa 124e victoire, ce vendredi&hellip;\n","protected":false},"author":2,"featured_media":139231,"comment_status":"","ping_status":"","sticky":false,"template":"","format":"standard","meta":{"footnotes":""},"categories":[1356],"tags":[244,12119,58,59,1011,27,594,14497,252,12120,1364,1630],"class_list":{"0":"post-139230","1":"post","2":"type-post","3":"status-publish","4":"format-standard","5":"has-post-thumbnail","7":"category-television","8":"tag-commentaire","9":"tag-cyril-fu00e9raud","10":"tag-divertissement","11":"tag-entertainment","12":"tag-fr","13":"tag-france","14":"tag-france-2","15":"tag-jou00ebl-tout-le-monde-veut-prendre-sa-place","16":"tag-television","17":"tag-tout-le-monde-veut-prendre-sa-place","18":"tag-tv","19":"tag-zapping"},"share_on_mastodon":{"url":"https:\/\/pubeurope.com\/@fr\/114596830463103939","error":""},"_links":{"self":[{"href":"https:\/\/www.europesays.com\/fr\/wp-json\/wp\/v2\/posts\/139230","targetHints":{"allow":["GET"]}}],"collection":[{"href":"https:\/\/www.europesays.com\/fr\/wp-json\/wp\/v2\/posts"}],"about":[{"href":"https:\/\/www.europesays.com\/fr\/wp-json\/wp\/v2\/types\/post"}],"author":[{"embeddable":true,"href":"https:\/\/www.europesays.com\/fr\/wp-json\/wp\/v2\/users\/2"}],"replies":[{"embeddable":true,"href":"https:\/\/www.europesays.com\/fr\/wp-json\/wp\/v2\/comments?post=139230"}],"version-history":[{"count":0,"href":"https:\/\/www.europesays.com\/fr\/wp-json\/wp\/v2\/posts\/139230\/revisions"}],"wp:featuredmedia":[{"embeddable":true,"href":"https:\/\/www.europesays.com\/fr\/wp-json\/wp\/v2\/media\/139231"}],"wp:attachment":[{"href":"https:\/\/www.europesays.com\/fr\/wp-json\/wp\/v2\/media?parent=139230"}],"wp:term":[{"taxonomy":"category","embeddable":true,"href":"https:\/\/www.europesays.com\/fr\/wp-json\/wp\/v2\/categories?post=139230"},{"taxonomy":"post_tag","embeddable":true,"href":"https:\/\/www.europesays.com\/fr\/wp-json\/wp\/v2\/tags?post=139230"}],"curies":[{"name":"wp","href":"https:\/\/api.w.org\/{rel}","templated":true}]}}