{"id":139235,"date":"2025-05-30T12:42:09","date_gmt":"2025-05-30T12:42:09","guid":{"rendered":"https:\/\/www.europesays.com\/fr\/139235\/"},"modified":"2025-05-30T12:42:09","modified_gmt":"2025-05-30T12:42:09","slug":"les-chercheurs-pensent-avoir-decouvert-la-bacterie-coupable-de-cette-epidemie","status":"publish","type":"post","link":"https:\/\/www.europesays.com\/fr\/139235\/","title":{"rendered":"les chercheurs pensent avoir d\u00e9couvert la bact\u00e9rie coupable de cette \u00e9pid\u00e9mie"},"content":{"rendered":"<p>Les cas de cancer du c\u00f4lon progressent chez les jeunes. Une \u00e9tude pointe deux coupables : le surpoids d\u00e8s l\u2019enfance et une bact\u00e9rie alimentaire commune. Ces facteurs pr\u00e9coces pourraient expliquer cette \u00e9pid\u00e9mie inqui\u00e9tante.<\/p>\n<p>Le <strong>cancer du c\u00f4lon<\/strong> frappe de plus en plus t\u00f4t, alarmant m\u00e9decins et chercheurs. Une r\u00e9cente \u00e9tude internationale r\u00e9v\u00e8le que le <strong>surpoids infantile<\/strong> et une exposition \u00e0 certaines bact\u00e9ries alimentaires augmentent le risque de d\u00e9velopper ce cancer d\u00e8s la quarantaine. Ces r\u00e9sultats soulignent l\u2019importance des facteurs pr\u00e9coces, parfois d\u00e8s la naissance, dans le d\u00e9clenchement de la maladie. L\u2019analyse ADN de jeunes patients a m\u00eame r\u00e9v\u00e9l\u00e9 la pr\u00e9sence de toxines li\u00e9es \u00e0 des bact\u00e9ries dans leurs tumeurs. Un v\u00e9ritable signal d\u2019alarme pour la pr\u00e9vention.<\/p>\n<p> \t\t\t  Les origines pr\u00e9coces du cancer du c\u00f4lon inqui\u00e8tent les chercheurs   Le surpoids durant l\u2019enfance et l\u2019adolescence en cause  <\/p>\n<p>Les scientifiques tirent la sonnette d\u2019alarme sur l\u2019impact d\u2019un <strong>IMC \u00e9lev\u00e9<\/strong> d\u00e8s le plus jeune \u00e2ge. Entre 2 et 19 ans, chaque tranche d\u2019\u00e2ge pr\u00e9sente un risque croissant en lien avec le <strong>surpoids pr\u00e9coce<\/strong>. Plus inqui\u00e9tant encore, chaque kilo suppl\u00e9mentaire \u00e0 la naissance pourrait accro\u00eetre le risque de 9 %. Cette accumulation de facteurs d\u00e8s la petite enfance pourrait expliquer l\u2019augmentation de diagnostics chez les moins de 50 ans, souligne le <a href=\"https:\/\/www.dailymail.co.uk\/health\/article-14756279\/Doctors-discover-vital-new-clue-search-cause-mystery-bowel-cancer-explosion-50s.html\" target=\"_blank\" rel=\"noopener nofollow\">Daily Mail<\/a>.<\/p>\n<p>    La tendance inqui\u00e9tante chez les quadrag\u00e9naires  <\/p>\n<p>Le nombre de diagnostics explose chez les hommes de 40 \u00e0 44 ans. En cinq ans, le taux est pass\u00e9 de 16,6 \u00e0 26,1 cas pour 100 000 habitants, soit une hausse de 57 %. Cette envol\u00e9e du <strong>cancer colorectal<\/strong> inqui\u00e8te les sp\u00e9cialistes britanniques, qui notent que le ph\u00e9nom\u00e8ne ne s\u2019\u00e9tend pas de fa\u00e7on homog\u00e8ne \u00e0 toutes les classes d\u2019\u00e2ge. Ces statistiques montrent l&rsquo;urgence de comprendre l\u2019\u00e9volution du <strong>risque \u00e9pid\u00e9miologique<\/strong>.<\/p>\n<p>  L\u2019importance de comprendre les facteurs pr\u00e9coces  <\/p>\n<p>La recherche actuelle souligne que le <strong>cancer colorectal<\/strong> ne na\u00eet pas en quelques ann\u00e9es. Il se d\u00e9veloppe lentement, souvent depuis la jeunesse et certains <a href=\"https:\/\/www.pleinevie.fr\/sante\/cancer-du-colon-ces-symptomes-peuvent-paraitre-inoffensifs-mais-ils-doivent-vous-inquieter-158816.html\" target=\"_blank\" rel=\"noopener nofollow\">sympt\u00f4mes<\/a> peuvent para\u00eetre inoffensifs. Ce constat invite \u00e0 revoir les strat\u00e9gies de pr\u00e9vention pour inclure la <strong>p\u00e9riode infantile<\/strong> et l\u2019adolescence comme moments cl\u00e9s d\u2019intervention. Une meilleure compr\u00e9hension de l\u2019impact des habitudes alimentaires et du poids d\u00e8s l\u2019enfance est aujourd\u2019hui indispensable pour limiter l\u2019apparition pr\u00e9coce de cette maladie.<\/p>\n<p>     Cancer du c\u00f4lon : une bact\u00e9rie alimentaire pourrait en \u00eatre \u00e0 l&rsquo;origine   L\u2019E. Coli, suspect num\u00e9ro un dans cette \u00e9pid\u00e9mie  <\/p>\n<p>Une nouvelle \u00e9tude r\u00e9v\u00e8le que certaines souches d\u2019<strong>E. Coli<\/strong> produisent de la colibactine, une toxine canc\u00e9rig\u00e8ne retrouv\u00e9e dans les tumeurs de patients jeunes. L\u2019<strong>infection alimentaire<\/strong> contract\u00e9e durant l\u2019enfance pourrait jouer un r\u00f4le d\u00e9terminant. La viande hach\u00e9e mal cuite, les l\u00e9gumes-feuilles et les produits non pasteuris\u00e9s sont les principales sources identifi\u00e9es. Par ailleurs, il faut noter que certaines <a href=\"https:\/\/www.pleinevie.fr\/sante\/cancer-du-colon-ces-huiles-de-cuisson-courantes-sont-les-plus-a-risque-selon-une-nouvelle-etude-143799.html\" target=\"_blank\" rel=\"noopener nofollow\">huiles de cuisson<\/a> couramment utilis\u00e9s en cuisson provoqueraient le cancer du c\u00f4lon selon une nouvelle \u00e9tude.<\/p>\n<p>  Mutation g\u00e9n\u00e9tique r\u00e9v\u00e9latrice du lien bact\u00e9rien  <\/p>\n<p>Les chercheurs de San Diego ont identifi\u00e9 des mutations sp\u00e9cifiques dans le <strong>g\u00e9nome digestif<\/strong> des jeunes malades, associ\u00e9es \u00e0 la pr\u00e9sence d\u2019E. Coli. Ces modifications sont per\u00e7ues comme des empreintes laiss\u00e9es par une exposition ancienne \u00e0 la colibactine. Ce marqueur mol\u00e9culaire renforce l\u2019hypoth\u00e8se que le <strong>microbiote intestinal<\/strong> joue un r\u00f4le crucial dans l\u2019apparition du cancer.<\/p>\n<p>     Pr\u00e9vention r\u00e9invent\u00e9e d\u00e8s le plus jeune \u00e2ge  <\/p>\n<p>Selon les experts, le <strong>cancer du c\u00f4lon<\/strong> pourrait \u00eatre influenc\u00e9 par des facteurs survenus d\u00e8s les premi\u00e8res ann\u00e9es de vie. Cela impose une transformation des politiques de pr\u00e9vention. La recherche sugg\u00e8re de surveiller plus \u00e9troitement les <strong>sources alimentaires<\/strong> potentielles de bact\u00e9ries, notamment dans les cuisines familiales, les cantines et les cha\u00eenes de production. Une vigilance accrue pourrait r\u00e9duire les risques \u00e0 long terme. En outre, certains chercheurs expliquent que la consommation de ce <a href=\"https:\/\/www.pleinevie.fr\/sante\/cancer-du-colon-de-la-prostate-ce-medicament-courant-vendu-en-pharmacie-sans-ordonnance-pourrait-freiner-la-progression-de-certains-cancers-selon-les-chercheurs-159114.html\" target=\"_blank\" rel=\"noopener nofollow\">m\u00e9dicament<\/a> vendu en pharmacie sans ordonnance freinent la progression de certains cancers notamment celui du c\u00f4lon.<\/p>\n","protected":false},"excerpt":{"rendered":"Les cas de cancer du c\u00f4lon progressent chez les jeunes. Une \u00e9tude pointe deux coupables : le surpoids&hellip;\n","protected":false},"author":2,"featured_media":139236,"comment_status":"","ping_status":"","sticky":false,"template":"","format":"standard","meta":{"footnotes":""},"categories":[10],"tags":[10281,1011,27,72,71],"class_list":{"0":"post-139235","1":"post","2":"type-post","3":"status-publish","4":"format-standard","5":"has-post-thumbnail","7":"category-sante","8":"tag-buzz-nonli","9":"tag-fr","10":"tag-france","11":"tag-health","12":"tag-sante"},"share_on_mastodon":{"url":"https:\/\/pubeurope.com\/@fr\/114596842279057854","error":""},"_links":{"self":[{"href":"https:\/\/www.europesays.com\/fr\/wp-json\/wp\/v2\/posts\/139235","targetHints":{"allow":["GET"]}}],"collection":[{"href":"https:\/\/www.europesays.com\/fr\/wp-json\/wp\/v2\/posts"}],"about":[{"href":"https:\/\/www.europesays.com\/fr\/wp-json\/wp\/v2\/types\/post"}],"author":[{"embeddable":true,"href":"https:\/\/www.europesays.com\/fr\/wp-json\/wp\/v2\/users\/2"}],"replies":[{"embeddable":true,"href":"https:\/\/www.europesays.com\/fr\/wp-json\/wp\/v2\/comments?post=139235"}],"version-history":[{"count":0,"href":"https:\/\/www.europesays.com\/fr\/wp-json\/wp\/v2\/posts\/139235\/revisions"}],"wp:featuredmedia":[{"embeddable":true,"href":"https:\/\/www.europesays.com\/fr\/wp-json\/wp\/v2\/media\/139236"}],"wp:attachment":[{"href":"https:\/\/www.europesays.com\/fr\/wp-json\/wp\/v2\/media?parent=139235"}],"wp:term":[{"taxonomy":"category","embeddable":true,"href":"https:\/\/www.europesays.com\/fr\/wp-json\/wp\/v2\/categories?post=139235"},{"taxonomy":"post_tag","embeddable":true,"href":"https:\/\/www.europesays.com\/fr\/wp-json\/wp\/v2\/tags?post=139235"}],"curies":[{"name":"wp","href":"https:\/\/api.w.org\/{rel}","templated":true}]}}