{"id":139244,"date":"2025-05-30T12:47:09","date_gmt":"2025-05-30T12:47:09","guid":{"rendered":"https:\/\/www.europesays.com\/fr\/139244\/"},"modified":"2025-05-30T12:47:09","modified_gmt":"2025-05-30T12:47:09","slug":"la-colere-dun-ministre-israelien-contre-macron-et-ses-amis","status":"publish","type":"post","link":"https:\/\/www.europesays.com\/fr\/139244\/","title":{"rendered":"la col\u00e8re d\u2019un ministre isra\u00e9lien contre \u00abMacron et ses amis\u00bb"},"content":{"rendered":"<p>\u00abC\u2019est [&#8230;] un message clair [au pr\u00e9sident fran\u00e7ais Emmanuel] Macron et \u00e0 ses amis\u00a0: ils reconna\u00eetront un \u00c9tat palestinien sur le papier, et nous construirons ici l\u2019\u00c9tat juif isra\u00e9lien sur le terrain\u00bb, a d\u00e9clar\u00e9 Isra\u00ebl Katz.<\/p>\n<p class=\"fig-paragraph\">Ce vendredi, le ministre isra\u00e9lien de la D\u00e9fense,\u00a0<a href=\"http:\/\/www.lefigaro.fr\/vox\/monde\/israel-katz-qui-veut-la-paix-se-doit-de-combattre-le-terrorisme-20241007\" target=\"_blank\" data-fig-type=\"Article\" rel=\"noopener nofollow\" data-gtm-custom-categorie=\"navigation\" data-gtm-custom-action=\"crossclick\" data-gtm-custom-label=\"Contextuel\" data-gtm-event=\"customEventSPE\" data-fig-domain=\"LEFIGARO\">Isra\u00ebl Katz<\/a>, a affirm\u00e9 lors d\u2019une visite dans un avant-poste de colonisation juive dans le nord de la\u00a0<a href=\"http:\/\/www.lefigaro.fr\/international\/en-cisjordanie-la-violence-des-colons-se-dechaine-le-recit-de-l-envoye-special-du-figaro-20250409\" target=\"_blank\" data-fig-type=\"Article\" rel=\"noopener nofollow\" data-gtm-custom-categorie=\"navigation\" data-gtm-custom-action=\"crossclick\" data-gtm-custom-label=\"Contextuel\" data-gtm-event=\"customEventSPE\" data-fig-domain=\"LEFIGARO\">Cisjordanie<\/a>\u00a0son intention de \u00abconstruire l\u2019\u00c9tat juif isra\u00e9lien\u00bb sur ce territoire palestinien occup\u00e9 par Isra\u00ebl depuis 1967.<\/p>\n<p class=\"fig-paragraph\">\u00abC\u2019est [&#8230;] un message clair [au pr\u00e9sident fran\u00e7ais Emmanuel] Macron et \u00e0 ses amis\u00a0: ils reconna\u00eetront un \u00c9tat palestinien sur le papier, et nous construirons ici l\u2019\u00c9tat juif isra\u00e9lien sur le terrain\u00bb, a d\u00e9clar\u00e9 M. Katz lors de cette visite, selon un communiqu\u00e9 de ses services. \u00abLe papier sera jet\u00e9 \u00e0 la poubelle de l\u2019histoire et l\u2019\u00c9tat d\u2019Isra\u00ebl prosp\u00e9rera et fleurira\u00bb, a-t-il ajout\u00e9.<\/p>\n","protected":false},"excerpt":{"rendered":"\u00abC\u2019est [&#8230;] un message clair [au pr\u00e9sident fran\u00e7ais Emmanuel] Macron et \u00e0 ses amis\u00a0: ils reconna\u00eetront un \u00c9tat&hellip;\n","protected":false},"author":2,"featured_media":139245,"comment_status":"","ping_status":"","sticky":false,"template":"","format":"standard","meta":{"footnotes":""},"categories":[5],"tags":[259,11,260,2486,1011,27,14,664,261,12,262,28],"class_list":{"0":"post-139244","1":"post","2":"type-post","3":"status-publish","4":"format-standard","5":"has-post-thumbnail","7":"category-international","8":"tag-actualite-internationale","9":"tag-actualites","10":"tag-affaires-etrangeres","11":"tag-cisjordanie","12":"tag-fr","13":"tag-france","14":"tag-international","15":"tag-israel","16":"tag-ministere-des-affaires-etrangeres","17":"tag-news","18":"tag-politique-etrangere","19":"tag-world"},"share_on_mastodon":{"url":"https:\/\/pubeurope.com\/@fr\/114596861978558649","error":""},"_links":{"self":[{"href":"https:\/\/www.europesays.com\/fr\/wp-json\/wp\/v2\/posts\/139244","targetHints":{"allow":["GET"]}}],"collection":[{"href":"https:\/\/www.europesays.com\/fr\/wp-json\/wp\/v2\/posts"}],"about":[{"href":"https:\/\/www.europesays.com\/fr\/wp-json\/wp\/v2\/types\/post"}],"author":[{"embeddable":true,"href":"https:\/\/www.europesays.com\/fr\/wp-json\/wp\/v2\/users\/2"}],"replies":[{"embeddable":true,"href":"https:\/\/www.europesays.com\/fr\/wp-json\/wp\/v2\/comments?post=139244"}],"version-history":[{"count":0,"href":"https:\/\/www.europesays.com\/fr\/wp-json\/wp\/v2\/posts\/139244\/revisions"}],"wp:featuredmedia":[{"embeddable":true,"href":"https:\/\/www.europesays.com\/fr\/wp-json\/wp\/v2\/media\/139245"}],"wp:attachment":[{"href":"https:\/\/www.europesays.com\/fr\/wp-json\/wp\/v2\/media?parent=139244"}],"wp:term":[{"taxonomy":"category","embeddable":true,"href":"https:\/\/www.europesays.com\/fr\/wp-json\/wp\/v2\/categories?post=139244"},{"taxonomy":"post_tag","embeddable":true,"href":"https:\/\/www.europesays.com\/fr\/wp-json\/wp\/v2\/tags?post=139244"}],"curies":[{"name":"wp","href":"https:\/\/api.w.org\/{rel}","templated":true}]}}