{"id":139252,"date":"2025-05-30T12:53:17","date_gmt":"2025-05-30T12:53:17","guid":{"rendered":"https:\/\/www.europesays.com\/fr\/139252\/"},"modified":"2025-05-30T12:53:17","modified_gmt":"2025-05-30T12:53:17","slug":"mohammad-amini-va-se-montrer-au-camp-de-trevise","status":"publish","type":"post","link":"https:\/\/www.europesays.com\/fr\/139252\/","title":{"rendered":"Mohammad Amini va se montrer au camp de Tr\u00e9vise"},"content":{"rendered":"<p>Mohammad Amini est l\u2019un des rares joueurs \u00e0 ne pas avoir rel\u00e2ch\u00e9 l\u2019effort depuis que le rideau est tomb\u00e9 sur la saison du SLUC, le 20\u00a0mai, au soir de <a href=\"https:\/\/www.estrepublicain.fr\/sport\/2025\/05\/21\/battu-par-saint-quentin-le-sluc-nancy-n-ira-pas-plus-loin\" target=\"_blank\" rel=\"noopener\">la d\u00e9faite face \u00e0 Saint-Quentin (81-88)<\/a>. Et pour cause. En cette fin de semaine, l\u2019arri\u00e8re iranien a quitt\u00e9 Nancy pour rejoindre Tr\u00e9vise (Italie), o\u00f9 il a \u00e9t\u00e9 convi\u00e9, <a href=\"https:\/\/www.estrepublicain.fr\/sport\/2024\/05\/30\/sluc-nancy-mohammad-amini-prend-deja-ses-marques-a-gentilly\" target=\"_blank\" rel=\"noopener\">comme l\u2019ann\u00e9e derni\u00e8re<\/a> , \u00e0 participer \u00e0 l\u2019Adidas Eurocamp. Un rendez-vous annuel qui rassemble un peu plus de quatre-vingt jeunes joueurs bas\u00e9s en Europe, sous les yeux des scouts, des agents et des repr\u00e9sentants des franchises NBA.<\/p>\n<p>  Encore deux ans de contrat<\/p>\n<p>Toujours inscrit \u00e0 la draft 2025, qui se d\u00e9roulera le 26\u00a0juin prochain, Mohammad Amini (20 ans\u00a0; 1,99m) va donc avoir l\u2019occasion de se montrer, aux c\u00f4t\u00e9s des meilleurs \u00ab\u00a0prospects\u00a0\u00bb \u00e2g\u00e9s de 16 \u00e0 22 ans. Une opportunit\u00e9 suppl\u00e9mentaire pour un joueur qui n\u2019a cess\u00e9 de progresser lors de sa premi\u00e8re saison en Betclic \u00c9lite (6,3 points\u00a0; 2,7 rebonds\u00a0; 1,1 passe\u00a0; 16,7 minutes). Si le jeune joueur commence logiquement \u00e0 \u00ab\u00a0t\u00e2ter le terrain\u00a0\u00bb du c\u00f4t\u00e9 de la NBA, le SLUC, avec lequel il est encore sous contrat pour les deux saisons \u00e0 venir, ne perd pas espoir de le voir rester une ann\u00e9e suppl\u00e9mentaire en couveuse.<\/p>\n<p>\u00c0 ce jour, il est vraisemblablement l\u2019un des deux seuls joueurs, avec Marc-Owen Fodzo-Dada, <a href=\"https:\/\/www.estrepublicain.fr\/sport\/2025\/06\/01\/sluc-nancy-qui-part-qui-reste-qui-arrive-l-effectif-sur-le-point-d-etre-completement-chamboule\" target=\"_blank\" rel=\"noopener\">qui devraient poursuivre l\u2019aventure la saison prochaine<\/a> \u2026<\/p>\n","protected":false},"excerpt":{"rendered":"Mohammad Amini est l\u2019un des rares joueurs \u00e0 ne pas avoir rel\u00e2ch\u00e9 l\u2019effort depuis que le rideau est&hellip;\n","protected":false},"author":2,"featured_media":139253,"comment_status":"","ping_status":"","sticky":false,"template":"","format":"standard","meta":{"footnotes":""},"categories":[9635],"tags":[1111,11,1791,1704,1777,674,107,1701,1795,1011,27,775,1702,1703,12,25,11567,517,1700],"class_list":{"0":"post-139252","1":"post","2":"type-post","3":"status-publish","4":"format-standard","5":"has-post-thumbnail","7":"category-nancy","8":"tag-actu","9":"tag-actualites","10":"tag-basket-ball","11":"tag-edition-nancy-et-agglomeration","12":"tag-eu","13":"tag-europe","14":"tag-fil-info","15":"tag-fil-info-sport","16":"tag-fil-web","17":"tag-fr","18":"tag-france","19":"tag-grand-est","20":"tag-nancy","21":"tag-nancy-ville-54b","22":"tag-news","23":"tag-republique-francaise","24":"tag-sluc","25":"tag-sport","26":"tag-sport-lorrain"},"share_on_mastodon":{"url":"https:\/\/pubeurope.com\/@fr\/114596885497164908","error":""},"_links":{"self":[{"href":"https:\/\/www.europesays.com\/fr\/wp-json\/wp\/v2\/posts\/139252","targetHints":{"allow":["GET"]}}],"collection":[{"href":"https:\/\/www.europesays.com\/fr\/wp-json\/wp\/v2\/posts"}],"about":[{"href":"https:\/\/www.europesays.com\/fr\/wp-json\/wp\/v2\/types\/post"}],"author":[{"embeddable":true,"href":"https:\/\/www.europesays.com\/fr\/wp-json\/wp\/v2\/users\/2"}],"replies":[{"embeddable":true,"href":"https:\/\/www.europesays.com\/fr\/wp-json\/wp\/v2\/comments?post=139252"}],"version-history":[{"count":0,"href":"https:\/\/www.europesays.com\/fr\/wp-json\/wp\/v2\/posts\/139252\/revisions"}],"wp:featuredmedia":[{"embeddable":true,"href":"https:\/\/www.europesays.com\/fr\/wp-json\/wp\/v2\/media\/139253"}],"wp:attachment":[{"href":"https:\/\/www.europesays.com\/fr\/wp-json\/wp\/v2\/media?parent=139252"}],"wp:term":[{"taxonomy":"category","embeddable":true,"href":"https:\/\/www.europesays.com\/fr\/wp-json\/wp\/v2\/categories?post=139252"},{"taxonomy":"post_tag","embeddable":true,"href":"https:\/\/www.europesays.com\/fr\/wp-json\/wp\/v2\/tags?post=139252"}],"curies":[{"name":"wp","href":"https:\/\/api.w.org\/{rel}","templated":true}]}}