{"id":139254,"date":"2025-05-30T12:54:09","date_gmt":"2025-05-30T12:54:09","guid":{"rendered":"https:\/\/www.europesays.com\/fr\/139254\/"},"modified":"2025-05-30T12:54:09","modified_gmt":"2025-05-30T12:54:09","slug":"on-veut-mettre-le-feu-avec-le-fire-summer-festival-le-bal-des-pompiers-soffre-une-belle-cure-de-jouvence-cet-ete-a-la-crau","status":"publish","type":"post","link":"https:\/\/www.europesays.com\/fr\/139254\/","title":{"rendered":"\u00ab\u00a0On veut mettre le feu\u00a0\u00bb: avec le \u00ab\u00a0Fire summer festival\u00a0\u00bb, le bal des pompiers s&rsquo;offre une belle cure de jouvence cet \u00e9t\u00e9 \u00e0 La Crau"},"content":{"rendered":"<p>Le traditionnel bal des pompiers va prendre un sacr\u00e9 coup de jeune et de chaleur cet \u00e9t\u00e9! Notez bien la date dans vos agendas: <strong>le jeudi 28 ao\u00fbt, de 17h \u00e0 1h du matin<\/strong>, <strong>le parc du B\u00e9al \u00e0 La Crau<\/strong> <strong>vibrera au rythme effr\u00e9n\u00e9 du tout nouveau<\/strong> <strong>Fire summer festival.<\/strong> Une initiative audacieuse de l\u2019Amicale des sapeurs-pompiers du secteur Hy\u00e8res La Crau Carqueiranne, qui promet une ambiance familiale et en musique, bien au-del\u00e0 du format traditionnel.<\/p>\n<p>\u00a0<\/p>\n<p>L\u2019id\u00e9e a germ\u00e9 dans l\u2019esprit de Florian, pompier professionnel \u00e0 Hy\u00e8res et membre d\u00e9vou\u00e9 de l\u2019amicale. \u00ab\u00a0J\u2019en ai parl\u00e9 avec l\u2019ensemble du bureau\u00a0\u00bb, confie-t-il. Le projet initial a joyeusement \u00ab\u00a0d\u00e9rap\u00e9\u00a0\u00bb, comme il le dit lui-m\u00eame, vers un \u00e9v\u00e9nement d\u2019une plus grande ampleur, mont\u00e9 en partenariat avec les organisateurs de l\u2019Azur music festival, Damien et Flo. L\u2019ambition est claire: offrir une version 2.0 du bal des pompiers, plus dynamique, plus compl\u00e8te.<\/p>\n<p>\u00a0<\/p>\n<p>Jeux gonflables et village au sein du parc du B\u00e9al<\/p>\n<p>\u00a0<\/p>\n<p>Au programme de ce festival: plusieurs ch\u00e2teaux gonflables qui feront la joie des plus jeunes. Pour les adultes, un v\u00e9ritable village sera am\u00e9nag\u00e9 avec des tatoueurs pour les plus audacieux, des stands de maquillage, plusieurs bars pour se d\u00e9salt\u00e9rer et un secteur food truck vari\u00e9 pour satisfaire toutes les faims. Le tout, bien \u00e9videmment, rythm\u00e9 par une ambiance musicale qui s\u2019annonce \u00e9lectrique et festive.<\/p>\n<p>\u00a0<\/p>\n<p>L\u2019enthousiasme est palpable et partag\u00e9 jusqu\u2019au sommet de la municipalit\u00e9 crauroise. Le maire Christian Simon, conquis, a avou\u00e9 avoir donn\u00e9 son feu vert avec un grand \u00ab\u00a0Oui! De suite!\u00a0\u00bb lorsqu\u2019il a appris que le projet \u00e9tait port\u00e9 par les pompiers, saluant l\u2019initiative qui vient animer \u00ab\u00a0ce beau parc\u00a0\u00bb.<\/p>\n<p>\u00a0<\/p>\n<p>Florian, reconnaissant envers la mairie et ses partenaires pour leur aide pr\u00e9cieuse, esp\u00e8re \u00ab\u00a0mettre le feu\u00a0\u00bb. Les habitants de La Crau, Hy\u00e8res, Carqueiranne et des alentours sont donc convi\u00e9s \u00e0 cette grande premi\u00e8re qui s\u2019annonce m\u00e9morable. Un rendez-vous festif pour c\u00e9l\u00e9brer l\u2019\u00e9t\u00e9 et l\u2019esprit de corps des sapeurs-pompiers, en toute s\u00e9curit\u00e9 bien entendu, des camions \u00e9tant pr\u00e9vus sur place pour la s\u00e9r\u00e9nit\u00e9 de tous !<\/p>\n<p>\u00a0<\/p>\n<p>\u00a0<\/p>\n","protected":false},"excerpt":{"rendered":"Le traditionnel bal des pompiers va prendre un sacr\u00e9 coup de jeune et de chaleur cet \u00e9t\u00e9! Notez&hellip;\n","protected":false},"author":2,"featured_media":139255,"comment_status":"","ping_status":"","sticky":false,"template":"","format":"standard","meta":{"footnotes":""},"categories":[9619],"tags":[1111,11,1777,674,1011,27,1393,12,882,25,2310],"class_list":{"0":"post-139254","1":"post","2":"type-post","3":"status-publish","4":"format-standard","5":"has-post-thumbnail","7":"category-toulon","8":"tag-actu","9":"tag-actualites","10":"tag-eu","11":"tag-europe","12":"tag-fr","13":"tag-france","14":"tag-loisirs","15":"tag-news","16":"tag-provence-alpes-cote-dazur","17":"tag-republique-francaise","18":"tag-toulon"},"share_on_mastodon":{"url":"https:\/\/pubeurope.com\/@fr\/114596890089855309","error":""},"_links":{"self":[{"href":"https:\/\/www.europesays.com\/fr\/wp-json\/wp\/v2\/posts\/139254","targetHints":{"allow":["GET"]}}],"collection":[{"href":"https:\/\/www.europesays.com\/fr\/wp-json\/wp\/v2\/posts"}],"about":[{"href":"https:\/\/www.europesays.com\/fr\/wp-json\/wp\/v2\/types\/post"}],"author":[{"embeddable":true,"href":"https:\/\/www.europesays.com\/fr\/wp-json\/wp\/v2\/users\/2"}],"replies":[{"embeddable":true,"href":"https:\/\/www.europesays.com\/fr\/wp-json\/wp\/v2\/comments?post=139254"}],"version-history":[{"count":0,"href":"https:\/\/www.europesays.com\/fr\/wp-json\/wp\/v2\/posts\/139254\/revisions"}],"wp:featuredmedia":[{"embeddable":true,"href":"https:\/\/www.europesays.com\/fr\/wp-json\/wp\/v2\/media\/139255"}],"wp:attachment":[{"href":"https:\/\/www.europesays.com\/fr\/wp-json\/wp\/v2\/media?parent=139254"}],"wp:term":[{"taxonomy":"category","embeddable":true,"href":"https:\/\/www.europesays.com\/fr\/wp-json\/wp\/v2\/categories?post=139254"},{"taxonomy":"post_tag","embeddable":true,"href":"https:\/\/www.europesays.com\/fr\/wp-json\/wp\/v2\/tags?post=139254"}],"curies":[{"name":"wp","href":"https:\/\/api.w.org\/{rel}","templated":true}]}}