{"id":139262,"date":"2025-05-30T12:58:51","date_gmt":"2025-05-30T12:58:51","guid":{"rendered":"https:\/\/www.europesays.com\/fr\/139262\/"},"modified":"2025-05-30T12:58:51","modified_gmt":"2025-05-30T12:58:51","slug":"pirmil-le-comite-des-fetes-se-prepare-pour-la-traditionnelle-soiree-dete-annuelle","status":"publish","type":"post","link":"https:\/\/www.europesays.com\/fr\/139262\/","title":{"rendered":"Pirmil. Le comit\u00e9 des f\u00eates se pr\u00e9pare pour la traditionnelle soir\u00e9e d\u2019\u00e9t\u00e9 annuelle"},"content":{"rendered":"<p>Le samedi 14\u00a0juin aura lieu la soir\u00e9e entrec\u00f4te frites, le repas d\u2019\u00e9t\u00e9 annuel organis\u00e9 par le comit\u00e9 des f\u00eates de Pirmil \u00e0 l\u2019espace rencontre. \u00a0Cette soir\u00e9e est toujours tr\u00e8s attendue par les habitants de la commune et des villages voisins\u00a0\u00bb, explique Guillaume Chevallier, pr\u00e9sident du comit\u00e9 des f\u00eates.<\/p>\n<p>L\u2019ann\u00e9e derni\u00e8re, 220\u00a0personnes \u00e9taient pr\u00e9sentes \u00e0 cet \u00e9v\u00e9nement.<\/p>\n<p>La soir\u00e9e d\u00e9butera \u00e0 partir de 20\u00a0h\u00a030 et sera anim\u00e9e par Nad\u00e8ge. Le repas est au prix de 23\u00a0\u20ac comprenant un ap\u00e9ritif, une entr\u00e9e, le plat, fromage et dessert. Un menu pour les enfants de moins de 11\u00a0ans est \u00e9galement propos\u00e9 au prix de 12\u00a0\u20ac.<\/p>\n<p>Repas sur r\u00e9servation\u00a0: 06\u00a019\u00a038\u00a042\u00a036 \/ 06\u00a084\u00a095\u00a097\u00a026<\/p>\n<p>\u00a0<\/p>\n","protected":false},"excerpt":{"rendered":"Le samedi 14\u00a0juin aura lieu la soir\u00e9e entrec\u00f4te frites, le repas d\u2019\u00e9t\u00e9 annuel organis\u00e9 par le comit\u00e9 des&hellip;\n","protected":false},"author":2,"featured_media":139263,"comment_status":"","ping_status":"","sticky":false,"template":"","format":"standard","meta":{"footnotes":""},"categories":[9587],"tags":[1111,11,26582,9639,2883,1777,674,14537,1011,27,2047,12,5161,26580,5109,25,9590,953,26581],"class_list":{"0":"post-139262","1":"post","2":"type-post","3":"status-publish","4":"format-standard","5":"has-post-thumbnail","7":"category-rouen","8":"tag-actu","9":"tag-actualites","10":"tag-annuelle","11":"tag-comite","12":"tag-ete","13":"tag-eu","14":"tag-europe","15":"tag-fetes","16":"tag-fr","17":"tag-france","18":"tag-mans","19":"tag-news","20":"tag-normandie","21":"tag-pirmil","22":"tag-prepare","23":"tag-republique-francaise","24":"tag-rouen","25":"tag-soiree","26":"tag-traditionnelle"},"share_on_mastodon":{"url":"https:\/\/pubeurope.com\/@fr\/114596909090747041","error":""},"_links":{"self":[{"href":"https:\/\/www.europesays.com\/fr\/wp-json\/wp\/v2\/posts\/139262","targetHints":{"allow":["GET"]}}],"collection":[{"href":"https:\/\/www.europesays.com\/fr\/wp-json\/wp\/v2\/posts"}],"about":[{"href":"https:\/\/www.europesays.com\/fr\/wp-json\/wp\/v2\/types\/post"}],"author":[{"embeddable":true,"href":"https:\/\/www.europesays.com\/fr\/wp-json\/wp\/v2\/users\/2"}],"replies":[{"embeddable":true,"href":"https:\/\/www.europesays.com\/fr\/wp-json\/wp\/v2\/comments?post=139262"}],"version-history":[{"count":0,"href":"https:\/\/www.europesays.com\/fr\/wp-json\/wp\/v2\/posts\/139262\/revisions"}],"wp:featuredmedia":[{"embeddable":true,"href":"https:\/\/www.europesays.com\/fr\/wp-json\/wp\/v2\/media\/139263"}],"wp:attachment":[{"href":"https:\/\/www.europesays.com\/fr\/wp-json\/wp\/v2\/media?parent=139262"}],"wp:term":[{"taxonomy":"category","embeddable":true,"href":"https:\/\/www.europesays.com\/fr\/wp-json\/wp\/v2\/categories?post=139262"},{"taxonomy":"post_tag","embeddable":true,"href":"https:\/\/www.europesays.com\/fr\/wp-json\/wp\/v2\/tags?post=139262"}],"curies":[{"name":"wp","href":"https:\/\/api.w.org\/{rel}","templated":true}]}}