{"id":139266,"date":"2025-05-30T13:01:10","date_gmt":"2025-05-30T13:01:10","guid":{"rendered":"https:\/\/www.europesays.com\/fr\/139266\/"},"modified":"2025-05-30T13:01:10","modified_gmt":"2025-05-30T13:01:10","slug":"pro-d2-fcg-la-billetterie-pour-la-finale-se-passera-en-deux-temps-2-000-places-pour-les-grenoblois","status":"publish","type":"post","link":"https:\/\/www.europesays.com\/fr\/139266\/","title":{"rendered":"Pro D2. FCG : la billetterie pour la finale se passera en deux temps, 2 000 places pour les Grenoblois"},"content":{"rendered":"<p>Il reste des places pour la finale 2024-2025 de Pro D2\u00a0! M\u00eame si la Ligue Nationale de Rugby (LNR) a communiqu\u00e9 le 22\u00a0mai \u2013 h\u00e2tivement \u2013 sur un match \u00e0 guichets ferm\u00e9s le samedi 7\u00a0juin \u00e0 Toulouse (coup d\u2019envoi \u00e0 17h30), toutes les 19\u00a0000 et quelques places du stade Ernest-Wallon ne sont pas prises.<\/p>\n<p>Et pour cause\u00a0: chaque club finaliste dispose d\u2019un quota de 2000 places chacun pour ses supporters.<\/p>\n<p>Qualifi\u00e9 jeudi soir apr\u00e8s <a href=\"https:\/\/www.ledauphine.com\/sport\/2025\/05\/29\/une-demonstration-de-force-et-une-ambiance-de-folie-un-recital-synonyme-de-finale-pour-le-fcg\" target=\"_blank\" title=\"rugby Pro D2 D-F FCG vs Provence lead\" rel=\"noopener\">sa victoire triomphale sur Provence Rugby<\/a> (38-17), le FC Grenoble lance la commercialisation de ses places d\u00e8s ce vendredi.<\/p>\n<p>\u00c0 partir de 14 heures, une priorit\u00e9 de vente sera accord\u00e9e aux partenaires et aux abonn\u00e9s du club is\u00e9rois, qui ont re\u00e7u un lien direct vers l\u2019espace billetterie.<\/p>\n<p>\u00c0 l\u2019issue de cette journ\u00e9e, les places non vendues seront propos\u00e9es \u00e0 la vente samedi 31\u00a0mai de 10\u00a0h \u00e0 18 heures au FCG shop dans le centre-ville de Grenoble (places Victor-Hugo, ventes uniquement en pr\u00e9sentiel).<\/p>\n<p>Et si le quota des 2000 places n\u2019\u00e9tait pas atteint \u00e0 l\u2019issue de ces deux jours, le club dauphinois organiserait une autre session de ventes.<\/p>\n","protected":false},"excerpt":{"rendered":"Il reste des places pour la finale 2024-2025 de Pro D2\u00a0! M\u00eame si la Ligue Nationale de Rugby&hellip;\n","protected":false},"author":2,"featured_media":139267,"comment_status":"","ping_status":"","sticky":false,"template":"","format":"standard","meta":{"footnotes":""},"categories":[9566],"tags":[1111,11,2430,112,1777,674,2727,1701,1795,1011,27,2731,2732,108,12,2308,25,479,517],"class_list":{"0":"post-139266","1":"post","2":"type-post","3":"status-publish","4":"format-standard","5":"has-post-thumbnail","7":"category-grenoble","8":"tag-actu","9":"tag-actualites","10":"tag-auvergne-rhone-alpes","11":"tag-edition-grenoble-agglomeration","12":"tag-eu","13":"tag-europe","14":"tag-fcg-fc-grenoble-rugby","15":"tag-fil-info-sport","16":"tag-fil-web","17":"tag-fr","18":"tag-france","19":"tag-grenoble","20":"tag-grenoble-bassin","21":"tag-isere","22":"tag-news","23":"tag-pro-d2","24":"tag-republique-francaise","25":"tag-rugby","26":"tag-sport"},"share_on_mastodon":{"url":"https:\/\/pubeurope.com\/@fr\/114596917033934204","error":""},"_links":{"self":[{"href":"https:\/\/www.europesays.com\/fr\/wp-json\/wp\/v2\/posts\/139266","targetHints":{"allow":["GET"]}}],"collection":[{"href":"https:\/\/www.europesays.com\/fr\/wp-json\/wp\/v2\/posts"}],"about":[{"href":"https:\/\/www.europesays.com\/fr\/wp-json\/wp\/v2\/types\/post"}],"author":[{"embeddable":true,"href":"https:\/\/www.europesays.com\/fr\/wp-json\/wp\/v2\/users\/2"}],"replies":[{"embeddable":true,"href":"https:\/\/www.europesays.com\/fr\/wp-json\/wp\/v2\/comments?post=139266"}],"version-history":[{"count":0,"href":"https:\/\/www.europesays.com\/fr\/wp-json\/wp\/v2\/posts\/139266\/revisions"}],"wp:featuredmedia":[{"embeddable":true,"href":"https:\/\/www.europesays.com\/fr\/wp-json\/wp\/v2\/media\/139267"}],"wp:attachment":[{"href":"https:\/\/www.europesays.com\/fr\/wp-json\/wp\/v2\/media?parent=139266"}],"wp:term":[{"taxonomy":"category","embeddable":true,"href":"https:\/\/www.europesays.com\/fr\/wp-json\/wp\/v2\/categories?post=139266"},{"taxonomy":"post_tag","embeddable":true,"href":"https:\/\/www.europesays.com\/fr\/wp-json\/wp\/v2\/tags?post=139266"}],"curies":[{"name":"wp","href":"https:\/\/api.w.org\/{rel}","templated":true}]}}