{"id":139268,"date":"2025-05-30T13:02:13","date_gmt":"2025-05-30T13:02:13","guid":{"rendered":"https:\/\/www.europesays.com\/fr\/139268\/"},"modified":"2025-05-30T13:02:13","modified_gmt":"2025-05-30T13:02:13","slug":"infraction-ou-arnaque-a-rennes-cest-quoi-ce-papier-vert-depose-sur-les-pare-brises-des-voitures","status":"publish","type":"post","link":"https:\/\/www.europesays.com\/fr\/139268\/","title":{"rendered":"Infraction ou arnaque ? \u00c0 Rennes, c&rsquo;est quoi ce papier vert d\u00e9pos\u00e9 sur les pare-brises des voitures"},"content":{"rendered":"<p>            Par<br \/>\n        <strong><br \/>\n            <a href=\"https:\/\/actu.fr\/auteur\/brian-legoff\" title=\"Consulter tous les articles de Brian Le Goff\" rel=\"nofollow noopener\" target=\"_blank\">Brian Le Goff<\/a><br \/>\n        <\/strong><\/p>\n<p>        Publi\u00e9 le<\/p>\n<p>            30 mai 2025 \u00e0 12h58        <\/p>\n<p>Un papier vert avec comme titre \u00ab\u2009Infraction\u2009\u00bb d\u00e9pos\u00e9 sur des<strong> centaines de pare-brises<\/strong> a pu en<strong> surprendre plus d\u2019un, ces derniers jours<\/strong> \u00e0 Rennes. Comme cet habitant qui a interrog\u00e9 <a href=\"https:\/\/actu.fr\/rennes\/\" rel=\"nofollow noopener\" target=\"_blank\">actu Rennes<\/a> sur ce qu\u2019il signifiait. La r\u00e9daction s\u2019est donc renseign\u00e9e sur ce qui se cachait derri\u00e8re ce document.<\/p>\n<p>\u00ab\u2009Infraction pour mauvais ameublement\u2009\u00bb<\/p>\n<p class=\" wall-content\">Sur ce dernier, il est ainsi \u00e9crit\u2009: \u00ab\u2009Une <strong>infraction pour \u2018mauvais ameublement\u2019<\/strong> a \u00e9t\u00e9 relev\u00e9e \u00e0 votre encontre. Si cette observation est confirm\u00e9e, un avis de contravention vous redirigera vers une solution plus durable, plus flexible et plus \u00e9conomique que l\u2019achat de vos meubles\u2009: KANAP, le service de location de meubles sur Rennes.\u2009\u00bb<\/p>\n<p class=\" wall-content\">Il est m\u00eame indiqu\u00e9 un <strong>montant de 50\u00a0euros<\/strong> que l\u2019on pourrait comprendre comme le prix de l\u2019infraction \u00e0 r\u00e9gler en lisant rapidement, puis il est enfin <strong>demand\u00e9 de scanner le QR code<\/strong>.<\/p>\n<p>    <img   decoding=\"async\" loading=\"lazy\" src=\"https:\/\/www.europesays.com\/fr\/wp-content\/uploads\/2025\/05\/design-sans-titre-2-3-960x640.png\" alt=\"...\" width=\"960\" height=\"640\"\/><br \/>\n    Le tract vert et son texte. (\u00a9 Transmis \u00e0 actu Rennes)Une publicit\u00e9 pour un nouveau service lanc\u00e9 par deux jeunes entrepreneurs<\/p>\n<p class=\" wall-content\">D\u2019abord m\u00e9fiants, nous avons fait le choix de scanner ce QR code. Il renvoie vers un <strong>compte Instagram nomm\u00e9 Kanap<\/strong>, \u00ab\u2009un nouveau service de location de meubles de seconde main\u2009\u00bb, explique Valentin Bouch\u00e9, cofondateur de cette r\u00e9cente marque, sollicit\u00e9 par actu Rennes.<\/p>\n<blockquote class=\"ac-article-quote wall-content\">\n<p>On a r\u00e9fl\u00e9chi \u00e0 des moyens de communication diff\u00e9rents des canaux traditionnels. Puis, on a vu des gens \u00e0 l&rsquo;\u00e9tranger faire ce genre de choses. On s&rsquo;en est donc inspir\u00e9 pour le faire \u00e0 Rennes.<\/p>\n<p>    <strong>Valentin Bouch\u00e9<\/strong><br \/>\n        Cofondateur de Kanap    <\/p><\/blockquote>\n<p class=\" wall-content\">Si aucun logo ni sigle permettant de confirmer d\u00e8s le d\u00e9part qu\u2019il s\u2019agissait d\u2019une publicit\u00e9 n\u2019ont \u00e9t\u00e9 appos\u00e9s, \u00ab\u2009c\u2019\u00e9tait bien <strong>dans une logique de susciter la curiosit\u00e9<\/strong> de la population\u2009\u00bb, ajoute le jeune entrepreneur, encore \u00e9tudiant \u00e0 Angers.<\/p>\n<p class=\" wall-content\">Au total,<strong> entre 600 et 700 tracts ont donc \u00e9t\u00e9 pos\u00e9s<\/strong> sur les pare-brises de voitures dans le centre-ville de Rennes, notamment sur les <a href=\"https:\/\/actu.fr\/bretagne\/rennes_35238\/passerelle-pontons-jardins-flottants-le-nouveau-visage-de-rennes-sans-le-parking-vilaine-se-precise_61945770.html\" rel=\"nofollow noopener\" target=\"_blank\">parkings Vilaine<\/a> et des Lices, mais aussi du c\u00f4t\u00e9 de Chantepie. Enfin, les 50\u00a0euros correspondent au co\u00fbt pour meubler son logement, assure Valentin Bouch\u00e9.<\/p>\n<p>Des documents sur vos pare-brises\u2009: ce n\u2019est pas toujours une publicit\u00e9<\/p>\n<p class=\" wall-content\">Si cette mani\u00e8re de communiquer qui visait \u00e0 retenir l\u2019attention des habitants a bien fonctionn\u00e9, elle a aussi rappel\u00e9 \u00e0 certains une arnaque qui avait fait la une, il y a pr\u00e8s d\u2019un an, dans la capitale bretonne. <a href=\"https:\/\/actu.fr\/bretagne\/rennes_35238\/arnaque-a-rennes-la-police-alerte-sur-de-faux-avis-de-verbalisation-sur-les-voitures_61095597.html\" rel=\"nofollow noopener\" target=\"_blank\">En effet, \u00e0 ce moment-l\u00e0, la police mettait en garde sur de faux avis de verbalisation d\u00e9pos\u00e9s sur des pare-brises<\/a>.<\/p>\n<p class=\" wall-content\">Contact\u00e9e, la porte-parole de la police rennaise signale toutefois qu\u2019il est pr\u00e9f\u00e9rable d\u2019<strong>\u00e9viter de scanner un QR code<\/strong> lorsqu\u2019on ne sait pas vers quoi il renvoie.<\/p>\n<p class=\" wall-content\">Suivez toute l\u2019actualit\u00e9 de vos villes et m\u00e9dias favoris en vous inscrivant \u00e0 <a href=\"https:\/\/moncompte.actu.fr\" title=\"D\u00e9couvez Mon Actu\" rel=\"nofollow noopener\" data-trk=\"{&quot;cta&quot;:{&quot;action&quot;:&quot;https:\\\/\\\/moncompte.actu.fr&quot;,&quot;category&quot;:&quot;mon compte&quot;,&quot;from&quot;:&quot;article footer&quot;,&quot;name&quot;:&quot;Mon actu&quot;,&quot;type&quot;:&quot;cta&quot;}}\" target=\"_blank\">Mon Actu<\/a>.<\/p>\n","protected":false},"excerpt":{"rendered":"Par Brian Le Goff Publi\u00e9 le 30 mai 2025 \u00e0 12h58 Un papier vert avec comme titre \u00ab\u2009Infraction\u2009\u00bb&hellip;\n","protected":false},"author":2,"featured_media":139269,"comment_status":"","ping_status":"","sticky":false,"template":"","format":"standard","meta":{"footnotes":""},"categories":[2821],"tags":[1111,11,3514,829,1777,674,118,1011,27,12,584,25],"class_list":{"0":"post-139268","1":"post","2":"type-post","3":"status-publish","4":"format-standard","5":"has-post-thumbnail","7":"category-rennes","8":"tag-actu","9":"tag-actualites","10":"tag-arnaque","11":"tag-bretagne","12":"tag-eu","13":"tag-europe","14":"tag-faits-divers","15":"tag-fr","16":"tag-france","17":"tag-news","18":"tag-rennes","19":"tag-republique-francaise"},"share_on_mastodon":{"url":"https:\/\/pubeurope.com\/@fr\/114596921161592927","error":""},"_links":{"self":[{"href":"https:\/\/www.europesays.com\/fr\/wp-json\/wp\/v2\/posts\/139268","targetHints":{"allow":["GET"]}}],"collection":[{"href":"https:\/\/www.europesays.com\/fr\/wp-json\/wp\/v2\/posts"}],"about":[{"href":"https:\/\/www.europesays.com\/fr\/wp-json\/wp\/v2\/types\/post"}],"author":[{"embeddable":true,"href":"https:\/\/www.europesays.com\/fr\/wp-json\/wp\/v2\/users\/2"}],"replies":[{"embeddable":true,"href":"https:\/\/www.europesays.com\/fr\/wp-json\/wp\/v2\/comments?post=139268"}],"version-history":[{"count":0,"href":"https:\/\/www.europesays.com\/fr\/wp-json\/wp\/v2\/posts\/139268\/revisions"}],"wp:featuredmedia":[{"embeddable":true,"href":"https:\/\/www.europesays.com\/fr\/wp-json\/wp\/v2\/media\/139269"}],"wp:attachment":[{"href":"https:\/\/www.europesays.com\/fr\/wp-json\/wp\/v2\/media?parent=139268"}],"wp:term":[{"taxonomy":"category","embeddable":true,"href":"https:\/\/www.europesays.com\/fr\/wp-json\/wp\/v2\/categories?post=139268"},{"taxonomy":"post_tag","embeddable":true,"href":"https:\/\/www.europesays.com\/fr\/wp-json\/wp\/v2\/tags?post=139268"}],"curies":[{"name":"wp","href":"https:\/\/api.w.org\/{rel}","templated":true}]}}