{"id":139272,"date":"2025-05-30T13:04:10","date_gmt":"2025-05-30T13:04:10","guid":{"rendered":"https:\/\/www.europesays.com\/fr\/139272\/"},"modified":"2025-05-30T13:04:10","modified_gmt":"2025-05-30T13:04:10","slug":"cest-vous-qui-le-dites-2","status":"publish","type":"post","link":"https:\/\/www.europesays.com\/fr\/139272\/","title":{"rendered":"c&rsquo;est vous qui le dites"},"content":{"rendered":"<p><strong>Carrefour dangereux<\/strong><\/p>\n<p><strong>Mich\u00e8le Strauss, Strasbourg<\/strong><\/p>\n<p>\u00ab\u00a0Mardi 20\u00a0mai, vers 16\u00a0h, au croisement rue des Serruriers\/rue de la Division-Leclerc, un pi\u00e9ton a \u00e9t\u00e9 percut\u00e9 par un cycliste sur la bande cyclable. De nombreux pi\u00e9tons venant de la place Saint-Thomas continuent \u00e0 marcher tout droit, sans r\u00e9aliser qu\u2019ils s\u2019appr\u00eatent \u00e0 croiser une bande cyclable. Celle-ci est anormalement trop peu visible, le marquage \u00e9tant partiellement effac\u00e9. Rien n\u2019est fait non plus pour inciter les pi\u00e9tons \u00e0 prendre un discret petit passage pi\u00e9ton sur leur gauche.<\/p>\n<p>Passage pi\u00e9ton tr\u00e8s ambigu car une ligne verte le traverse. Les cyclistes seraient-ils invit\u00e9s \u00e0 ne pas s\u2019arr\u00eater \u00e0 ce passage pi\u00e9ton\u00a0? Ce carrefour strat\u00e9gique emprunt\u00e9 par des milliers de pi\u00e9tons est \u00e0 revoir et \u00e0 s\u00e9curiser\u00a0: un marquage fort, en couleurs, des plots, des feux, ou autres \u00e9l\u00e9ments pour pr\u00e9venir les pi\u00e9tons de ce passage dangereux, un stop pour les cyclistes sur la bande cyclable, un nouveau passage pi\u00e9ton suppl\u00e9mentaire ou toute autre mesure \u00e0 inventer.<\/p>\n<p>Pourtant depuis 2021, lors des diff\u00e9rentes d\u00e9ambulations avec la municipalit\u00e9, le probl\u00e8me a \u00e9t\u00e9 signal\u00e9, des courriers ont \u00e9t\u00e9 envoy\u00e9s pour alerter sur la dangerosit\u00e9 de ce carrefour. <a href=\"https:\/\/www.dna.fr\/culture-loisirs\/2023\/04\/06\/la-rue-de-la-division-leclerc-transformee\" target=\"_blank\" rel=\"noopener\">La bande cyclable le long de la Division-Leclerc<\/a> n\u2019est pas d\u00e9limit\u00e9e, quelle est la place des v\u00e9los et celle des pi\u00e9tons\u00a0?<\/p>\n<p>Une bande de s\u00e9paration, des pictogrammes bien visibles pour les pi\u00e9tons et les cyclistes, une couleur vive de la piste seraient vraiment un moyen de s\u00e9curiser \u00e0 la fois pi\u00e9tons et cyclistes. De nombreuses, magnifiques et fort co\u00fbteuses nouvelles pistes cyclables ont \u00e9t\u00e9 cr\u00e9\u00e9es dans l\u2019agglom\u00e9ration de Strasbourg mais il para\u00eet qu\u2019il n\u2019y a plus d\u2019argent pour s\u00e9curiser ce secteur bond\u00e9, tr\u00e8s emprunt\u00e9. Pourquoi la Grande-Ile est-elle la grande oubli\u00e9e\u2026\u00a0\u00bb<\/p>\n<p><strong>L\u2019esprit sportif<\/strong><\/p>\n<p><strong>Patricia Becht,<\/strong><\/p>\n<p><strong>Strasbourg\u00a0:<\/strong><\/p>\n<p>\u00ab\u00a0J\u2019ai assist\u00e9, dimanche 6\u00a0avril, aux courses de l\u2019Ekiden. Avec 300 \u00e9quipes participantes, la Ville a fait un important travail d\u2019organisation, les coureurs et le public \u00e9taient au rendez-vous. Je suis venu soutenir mon fils et ses compagnons de club, l\u2019AFCF Alsace, un petit club qui s\u2019entra\u00eene au Baggersee \u00e0 la Meinau et au stade de Hautepierre. J\u2019ai retrouv\u00e9 avec cette \u00e9quipe le v\u00e9ritable esprit d\u2019\u00e9quipe, des coureurs de tout \u00e2ge, adeptes de la route, de la piste, du trail ou du triathlon et tous port\u00e9s par le m\u00eame enthousiasme, celui de courir en \u00e9quipe. Pas de cryoth\u00e9rapie ou d\u2019oxyg\u00e9noth\u00e9rapie comme <a href=\"https:\/\/www.dna.fr\/sport\/2025\/04\/06\/en-equipe-pour-se-relancer\" target=\"_blank\" rel=\"noopener\">l\u2019\u00e9quipe Capital sant\u00e9<\/a> , seulement de la bonne humeur. Un club g\u00e9r\u00e9 par des b\u00e9n\u00e9voles et port\u00e9 par un entra\u00eeneur, Jacky, 78 ans, un peu grognon parfois, mais toujours pr\u00e9sent avec ses programmes d\u2019entra\u00eenement adapt\u00e9s \u00e0 chacun. L\u2019\u00e9quipe mixte de l\u2019AFCF Alsace a termin\u00e9 sur la premi\u00e8re marche du podium, une belle performance. Cette victoire ils la doivent \u00e0 ce formidable esprit d\u2019\u00e9quipe et je leur dis bravo\u00a0! Et merci Jacky\u00a0!\u00a0\u00bb<\/p>\n<p><strong>Dominique Vouge,<\/strong><\/p>\n<p><strong>Wolfisheim\u00a0:<\/strong><\/p>\n<p>\u00ab\u00a0Dans quel cerveau de th\u00e9oricien a pu germer le nouveau plan d\u2019acc\u00e8s de la rue M\u00e9lanie\u00a0?<\/p>\n<p>Ce premier mai, voulant rentrer du parc de Pourtal\u00e8s, j\u2019ai mis dix minutes pour faire 200\u00a0m\u00e8tres avant de me retrouver comme beaucoup totalement bloqu\u00e9 pendant pr\u00e8s d\u2019une demi-heure\u00a0; j\u2019ai donc fait comme tous les autres automobilistes, et ai emprunt\u00e9 <a href=\"https:\/\/www.dna.fr\/videos\/strasbourg-bouchons-riverains-excedes-la-nouvelle-piste-cyclable-rue-melanie-ne-passe-pas-xfrz5lq\" target=\"_blank\" rel=\"noopener\"> la piste cyclable<\/a> , \u00e0 vitesse tr\u00e8s r\u00e9duite et sans perturber le passage des bicyclettes.<\/p>\n<p>Je comprends le concept de ville marchable et cyclable\u00a0; mais si dans le parc de Pourtal\u00e8s ce jour-l\u00e0 on trouvait des amoureux pleins d\u2019\u00e9nergie et de jeunes sportifs venus pique-niquer en v\u00e9lo, il y avait aussi nombre de familles avec des poussettes, de personnes \u00e2g\u00e9es en d\u00e9ambulateurs, ou de fauteuils roulants. Sans compter les r\u00e9sidents <a href=\"https:\/\/www.dna.fr\/economie\/2025\/05\/22\/bouchons-rue-melanie-le-chateau-de-pourtales-monte-au-creneau\" target=\"_blank\" rel=\"noopener\">du ch\u00e2teau<\/a> et ceux qui, comme moi, avaient rempli leur coffre au march\u00e9 aux plantes organis\u00e9 par le Rotary Club au b\u00e9n\u00e9fice des Restos du C\u0153ur.<\/p>\n<p>Pense-t-on sauver la plan\u00e8te en emp\u00eachant les familles, les personnes \u00e2g\u00e9es ou en situation de handicap de profiter de la nature et du soleil\u00a0?<\/p>\n<p>Ce n\u2019est pas au b\u00e9n\u00e9fice des habitants, qui ont sous leurs fen\u00eatres les moteurs des voitures bloqu\u00e9es, ni des cyclistes coinc\u00e9s entre les v\u00e9hicules arr\u00eat\u00e9s.<\/p>\n<p>Cet am\u00e9nagement d\u00e9bile a co\u00fbt\u00e9 des centaines de milliers d\u2019euros, venant de nos imp\u00f4ts, et il en sera de m\u00eame lorsque la municipalit\u00e9, celle- ci ou la suivante, se rendra compte de cette aberration et reviendra \u00e0 une voirie normale. Quel g\u00e2chis\u00a0!\u00a0\u00bb<\/p>\n<p>  Convention citoyenne sur le tram Nord<\/p>\n<p><strong>Alain Peters,<\/strong><\/p>\n<p><strong>Strasbourg\u00a0:<\/strong><\/p>\n<p> \u00ab\u00a0Pas tr\u00e8s rassurant le caract\u00e8re d\u00e9mocratique de <a href=\"https:\/\/www.dna.fr\/politique\/2025\/05\/16\/projet-de-tram-vers-le-nord-la-convention-citoyenne-est-au-travail\" target=\"_blank\" rel=\"noopener\">ladite convention<\/a> , sauv\u00e9e dans un premier temps par le rejet du r\u00e9f\u00e9r\u00e9 devant le tribunal.<\/p>\n<p>En effet, une lettre adress\u00e9e \u00e0 50\u00a0000 eurom\u00e9tropolitains n\u2019a recueilli que 707 r\u00e9ponses (soit 1,4\u00a0% des personnes sollicit\u00e9es) alors qu\u2019il \u00e9tait bien pr\u00e9cis\u00e9 dans le courrier de Madame la pr\u00e9sidente que la participation c\u2019\u00e9tait \u00ab\u00a0quels que soient votre avis et votre niveau de connaissance sur ce projet\u00a0\u00bb.<\/p>\n<p>Sur ces 1,4\u00a0% de r\u00e9ponses, 100 personnes ont \u00e9t\u00e9 choisies (soit 0,2\u00a0% des 50\u00a0000 sur 450\u00a0000 eurom\u00e9tropolitains\u2026 D\u2019un point de vue de l\u2019analyse statistique, ou probabiliste, je ne sais plus, la valeur scientifique de l\u2019\u00e9chantillonnage ainsi constitu\u00e9 me para\u00eet difficilement d\u00e9montrable.<\/p>\n<p>Il ne nous reste donc plus qu\u2019\u00e0 attendre soit le r\u00e9sultat de la convention soit la d\u00e9cision du tribunal\u2026\u00a0\u00bb<\/p>\n<p><strong>Vifs remerciements \u00e0 une famille de samaritains discrets \u00e0 Strasbourg<\/strong><\/p>\n<p><strong>Robert Kindmann, Strasbourg\u00a0:<\/strong><\/p>\n<p>\u00ab\u00a0Je veux saisir cette rubrique des DNA pour r\u00e9it\u00e9rer mes remerciements \u00e0 une famille de bons samaritains \u00e0 Strasbourg.<\/p>\n<p>Le 2\u00a0mai, je me promenais, vers 18\u00a0h\u00a045, le long de la ligne F du tram en cours de prolongement \u00e0 hauteur du quartier des Poteries. Subitement, je suis tomb\u00e9 et j\u2019ai saign\u00e9 abondamment au visage. Une voiture s\u2019est arr\u00eat\u00e9e, le conducteur est venu vers moi pour me demander comment j\u2019allais. Son \u00e9pouse m\u2019a donn\u00e9 des compresses pour m\u2019essuyer le visage et, finalement, les samaritains avec leur petit gar\u00e7on m\u2019ont ramen\u00e9 \u00e0 mon domicile.<\/p>\n<p>Ainsi, malgr\u00e9 les violences quotidiennes dont notre quotidien se fait fid\u00e8lement l\u2019\u00e9cho, il y a encore des personnes charitables qui bousculent leur emploi du temps et viennent en aide spontan\u00e9ment \u00e0 leur prochain inconnu, bless\u00e9.<\/p>\n<p>Voil\u00e0 un signe d\u2019esp\u00e9rance dans notre quotidien de faits divers inqui\u00e9tants.\u00a0\u00bb<\/p>\n","protected":false},"excerpt":{"rendered":"Carrefour dangereux Mich\u00e8le Strauss, Strasbourg \u00ab\u00a0Mardi 20\u00a0mai, vers 16\u00a0h, au croisement rue des Serruriers\/rue de la Division-Leclerc, un&hellip;\n","protected":false},"author":2,"featured_media":139273,"comment_status":"","ping_status":"","sticky":false,"template":"","format":"standard","meta":{"footnotes":""},"categories":[2820],"tags":[1111,11,3542,1984,1687,2880,1777,674,1011,27,775,3539,12,316,25,640,2879,2803],"class_list":{"0":"post-139272","1":"post","2":"type-post","3":"status-publish","4":"format-standard","5":"has-post-thumbnail","7":"category-strasbourg","8":"tag-actu","9":"tag-actualites","10":"tag-circulation","11":"tag-conseil-municipal","12":"tag-culture-loisirs","13":"tag-edition-strasbourg","14":"tag-eu","15":"tag-europe","16":"tag-fr","17":"tag-france","18":"tag-grand-est","19":"tag-les-ecologistes","20":"tag-news","21":"tag-politique","22":"tag-republique-francaise","23":"tag-strasbourg","24":"tag-strasbourg-ville","25":"tag-transport"},"share_on_mastodon":{"url":"https:\/\/pubeurope.com\/@fr\/114596928814938328","error":""},"_links":{"self":[{"href":"https:\/\/www.europesays.com\/fr\/wp-json\/wp\/v2\/posts\/139272","targetHints":{"allow":["GET"]}}],"collection":[{"href":"https:\/\/www.europesays.com\/fr\/wp-json\/wp\/v2\/posts"}],"about":[{"href":"https:\/\/www.europesays.com\/fr\/wp-json\/wp\/v2\/types\/post"}],"author":[{"embeddable":true,"href":"https:\/\/www.europesays.com\/fr\/wp-json\/wp\/v2\/users\/2"}],"replies":[{"embeddable":true,"href":"https:\/\/www.europesays.com\/fr\/wp-json\/wp\/v2\/comments?post=139272"}],"version-history":[{"count":0,"href":"https:\/\/www.europesays.com\/fr\/wp-json\/wp\/v2\/posts\/139272\/revisions"}],"wp:featuredmedia":[{"embeddable":true,"href":"https:\/\/www.europesays.com\/fr\/wp-json\/wp\/v2\/media\/139273"}],"wp:attachment":[{"href":"https:\/\/www.europesays.com\/fr\/wp-json\/wp\/v2\/media?parent=139272"}],"wp:term":[{"taxonomy":"category","embeddable":true,"href":"https:\/\/www.europesays.com\/fr\/wp-json\/wp\/v2\/categories?post=139272"},{"taxonomy":"post_tag","embeddable":true,"href":"https:\/\/www.europesays.com\/fr\/wp-json\/wp\/v2\/tags?post=139272"}],"curies":[{"name":"wp","href":"https:\/\/api.w.org\/{rel}","templated":true}]}}