{"id":139276,"date":"2025-05-30T13:06:09","date_gmt":"2025-05-30T13:06:09","guid":{"rendered":"https:\/\/www.europesays.com\/fr\/139276\/"},"modified":"2025-05-30T13:06:09","modified_gmt":"2025-05-30T13:06:09","slug":"loeuvre-de-georges-bizet-carmen-cloture-une-belle-saison-a-lopera-de-nice","status":"publish","type":"post","link":"https:\/\/www.europesays.com\/fr\/139276\/","title":{"rendered":"L&rsquo;\u0153uvre de Georges Bizet \u00ab\u00a0Carmen\u00a0\u00bb cl\u00f4ture une belle saison \u00e0 l&rsquo;Op\u00e9ra de Nice"},"content":{"rendered":"<p><strong>Ramona Zaharia est une Carmen plus vraie que nature<\/strong>: voix de braise, regard foudroyant, hanche souple. \u00c0 ses c\u00f4t\u00e9s, <strong>Jean-Fran\u00e7ois Borras<\/strong> est un Don Jos\u00e9 incandescent, \u00e0 la voix ardente et charnelle. Ce couple de chanteurs fait flamber le spectacle qui ach\u00e8ve en feu d\u2019artifice la saison de l\u2019op\u00e9ra.<\/p>\n<p>Fid\u00e8le \u00e0 son habitude, le metteur en sc\u00e8ne <strong>Daniel Benoin<\/strong> transpose l\u2019action dans un contexte historique notoire. Il jette ici Carmen dans les ann\u00e9es noires de l\u2019Espagne franquiste. Homme de th\u00e9\u00e2tre, il apporte un surcro\u00eet d\u2019\u00e9motion \u00e0 cette \u0153uvre qui n\u2019en manquait pas et donne \u00e0 la fois une le\u00e7on d\u2019histoire, d\u2019op\u00e9ra et de th\u00e9\u00e2tre.<\/p>\n<p>                                Lionel Bringuier chez lui&#8230;\u00a0 pour la premi\u00e8re fois <\/p>\n<p>Droit comme un i dans la fosse d\u2019orchestre, voyez <strong>Lionel Bringuier<\/strong>. Beaucoup se souviennent des d\u00e9buts de ce chef ni\u00e7ois surdou\u00e9 qui, \u00e0 14 ans, tenait la baguette aux Victoires de la musique. Depuis, il m\u00e8ne une carri\u00e8re internationale et dirige ici son premier op\u00e9ra dans sa ville natale. Un succ\u00e8s.<\/p>\n<p>Dans la salle o\u00f9, enfant, il \u00e9carquillait les yeux devant ses premiers spectacles, c\u2019est lui maintenant qui est le dompteur de feu. Sa Carmen est une \u00e9ruption, embrase le plateau et la salle.<\/p>\n<p>Ce n\u2019est pas tout. Il y a, sur sc\u00e8ne, un robuste tor\u00e9ador, Jean-Fernand Setti, large d\u2019\u00e9paule et de timbre, une Micaela \u00e9mouvante en Perrine Madoeuf, deux charmantes Mercedes et Frasquita en Lamia Beuque et Charlotte Bonnet (ah! L\u2019aigu lumineux de Charlotte Bonnet\u2026), un valeureux Dancaire en Jean-Gabriel Saint-Martin, un ch\u0153ur vibrant d\u2019adultes et d\u2019enfants.<\/p>\n<p>                                Plus d\u2019abonn\u00e9s et un public plus jeune <\/p>\n<p>Ce spectacle ach\u00e8ve en apoth\u00e9ose la saison de l\u2019op\u00e9ra. Dans un climat fran\u00e7ais morose pour l\u2019art lyrique, Nice se porte bien et annonce 25% d\u2019abonn\u00e9s en plus cette saison et un spectateur sur quatre de moins de trente ans. L\u2019arithm\u00e9tique des soirs heureux! Cela prouve que, m\u00eame si on n\u2019a pas support\u00e9 cette saison les mises en sc\u00e8ne de Madame Angot et du Barbier de S\u00e9ville, le directeur Bertrand Rossi tient la barre avec une inventivit\u00e9 et une audace payantes. Le succ\u00e8s de cette Carmen en est la preuve triomphante.<\/p>\n<p><strong>Savoir+<\/strong><br \/>&#13;<br \/>\nProchains spectacles: ce soir (20h, dimanche (15h) et mardi 3 juin (20h).<br \/>&#13;<br \/>\nTarif: 12 \u00e0 94 euros. <br \/>&#13;<br \/>\nT\u00e9l. 04.92.17.40.40.<\/p>\n","protected":false},"excerpt":{"rendered":"Ramona Zaharia est une Carmen plus vraie que nature: voix de braise, regard foudroyant, hanche souple. \u00c0 ses&hellip;\n","protected":false},"author":2,"featured_media":139277,"comment_status":"","ping_status":"","sticky":false,"template":"","format":"standard","meta":{"footnotes":""},"categories":[2819],"tags":[1111,11,4156,251,1777,674,1011,27,12,2401,882,25],"class_list":{"0":"post-139276","1":"post","2":"type-post","3":"status-publish","4":"format-standard","5":"has-post-thumbnail","7":"category-nice","8":"tag-actu","9":"tag-actualites","10":"tag-concerts","11":"tag-culture","12":"tag-eu","13":"tag-europe","14":"tag-fr","15":"tag-france","16":"tag-news","17":"tag-nice","18":"tag-provence-alpes-cote-dazur","19":"tag-republique-francaise"},"share_on_mastodon":{"url":"https:\/\/pubeurope.com\/@fr\/114596936822801530","error":""},"_links":{"self":[{"href":"https:\/\/www.europesays.com\/fr\/wp-json\/wp\/v2\/posts\/139276","targetHints":{"allow":["GET"]}}],"collection":[{"href":"https:\/\/www.europesays.com\/fr\/wp-json\/wp\/v2\/posts"}],"about":[{"href":"https:\/\/www.europesays.com\/fr\/wp-json\/wp\/v2\/types\/post"}],"author":[{"embeddable":true,"href":"https:\/\/www.europesays.com\/fr\/wp-json\/wp\/v2\/users\/2"}],"replies":[{"embeddable":true,"href":"https:\/\/www.europesays.com\/fr\/wp-json\/wp\/v2\/comments?post=139276"}],"version-history":[{"count":0,"href":"https:\/\/www.europesays.com\/fr\/wp-json\/wp\/v2\/posts\/139276\/revisions"}],"wp:featuredmedia":[{"embeddable":true,"href":"https:\/\/www.europesays.com\/fr\/wp-json\/wp\/v2\/media\/139277"}],"wp:attachment":[{"href":"https:\/\/www.europesays.com\/fr\/wp-json\/wp\/v2\/media?parent=139276"}],"wp:term":[{"taxonomy":"category","embeddable":true,"href":"https:\/\/www.europesays.com\/fr\/wp-json\/wp\/v2\/categories?post=139276"},{"taxonomy":"post_tag","embeddable":true,"href":"https:\/\/www.europesays.com\/fr\/wp-json\/wp\/v2\/tags?post=139276"}],"curies":[{"name":"wp","href":"https:\/\/api.w.org\/{rel}","templated":true}]}}