{"id":139278,"date":"2025-05-30T13:07:08","date_gmt":"2025-05-30T13:07:08","guid":{"rendered":"https:\/\/www.europesays.com\/fr\/139278\/"},"modified":"2025-05-30T13:07:08","modified_gmt":"2025-05-30T13:07:08","slug":"la-ville-de-nice-retoquee-pour-son-algorithme-de-securite-devant-les-ecoles","status":"publish","type":"post","link":"https:\/\/www.europesays.com\/fr\/139278\/","title":{"rendered":"La ville de Nice retoqu\u00e9e pour son algorithme de s\u00e9curit\u00e9 devant les \u00e9coles"},"content":{"rendered":"<p>            Par<br \/>\n        <strong><br \/>\n            <a href=\"https:\/\/actu.fr\/auteur\/ugo-maillard\" title=\"Consulter tous les articles de Ugo Maillard\" target=\"_blank\" rel=\"noopener\">Ugo Maillard<\/a><br \/>\n        <\/strong><\/p>\n<p>        Publi\u00e9 le<\/p>\n<p>            30 mai 2025 \u00e0 14h47        <\/p>\n<p>Par le biais d\u2019un courrier envoy\u00e9 le 20\u00a0mai, la Commission nationale de l\u2019informatique et des libert\u00e9s a invalid\u00e9 une nouvelle technologie mise en place \u00e0 <a href=\"https:\/\/actu.fr\/nice\/\" target=\"_blank\" rel=\"noopener\">Nice<\/a> (<a href=\"https:\/\/actu.fr\/provence-alpes-cote-d-azur\/alpes-maritimes_06\" target=\"_blank\" rel=\"noopener\">Alpes-Maritimes<\/a>).<\/p>\n<p class=\" wall-content\">Depuis 2020, les services de la mairie de <a href=\"https:\/\/actu.fr\/tag\/christian-estrosi\" target=\"_blank\" rel=\"noopener\">Christian Estrosi<\/a> ont install\u00e9 un syst\u00e8me d\u2019<strong>algorithme<\/strong> permettant d\u2019identifier tout v\u00e9hicule stationnant plus de cinq minutes dans des zones d\u00e9finies devant les entr\u00e9es des \u00e9coles de la Ville.<\/p>\n<p class=\" wall-content\">Cette innovation va devoir \u00eatre retir\u00e9e.<\/p>\n<p>La col\u00e8re de Christian Estrosi<\/p>\n<p class=\" wall-content\">Le refus de la Cnil est tomb\u00e9 en \u00e9voquant \u00ab\u2009la n\u00e9cessit\u00e9 de r\u00e9duire l\u2019analyse des personnes sur la voie publique au <strong>strict minimum<\/strong>\u2009\u00bb.<\/p>\n<p class=\" wall-content\">L\u2019algorithme d\u00e9velopp\u00e9 par la Ville de Nice s\u2019inscrit dans une politique de s\u00e9curit\u00e9 aux abords des \u00e9coles avec la mise en place, notamment, de boutons d\u2019alerte, de bornes d\u2019appel d\u2019urgence directement reli\u00e9es au CSU ou encore, pour certaines \u00e9coles, d\u2019un ASVP charg\u00e9 d\u2019assurer la s\u00e9curit\u00e9 des \u00e9l\u00e8ves et de la communaut\u00e9 \u00e9ducative \u00e0 l\u2019int\u00e9rieur des \u00e9tablissements scolaires.<\/p>\n<p>Vid\u00e9os : en ce moment sur Actu<\/p>\n<blockquote class=\"ac-article-quote wall-content\">\n<p>Sous l\u2019impulsion de Christian Estrosi, la ville de Nice est fortement engag\u00e9e dans l\u2019exp\u00e9rimentation et l\u2019utilisation des nouvelles technologies au service de la s\u00e9curit\u00e9 depuis 2008.\u00a0Au fil des ans, elle est devenue une r\u00e9f\u00e9rence et une terre d\u2019exp\u00e9rimentation incontournable pour des dispositifs innovants et efficaces destin\u00e9s \u00e0 assurer une\u00a0vid\u00e9oprotection optimale unique en France.<\/p>\n<p>    <strong>Ville de Nice<\/strong>\n            <\/p><\/blockquote>\n<p class=\" wall-content\">\u00ab\u2009Je suis un maire et un p\u00e8re en col\u00e8re\u2009\u00bb, a d\u00e9clar\u00e9 Christian Estrosi ce mercredi 28\u00a0mai 2025 au Centre de Supervision au moment o\u00f9 il a ordonn\u00e9 \u00e0 la Police Municipale de proc\u00e9der \u00e0 cette d\u00e9sactivation.<\/p>\n<p class=\" wall-content\">\u00ab\u2009Il est inadmissible qu\u2019une autorit\u00e9 qui s\u2019appuie sur une loi poussi\u00e9reuse de 1978 d\u00e9cide d\u00e9lib\u00e9r\u00e9ment de mettre en danger la s\u00e9curit\u00e9 des enfants de notre ville. Nous allons saisir <a href=\"https:\/\/actu.fr\/tag\/conseil-d-etat\" target=\"_blank\" rel=\"noopener\">le Conseil d\u2019\u00c9tat<\/a> et lancer une p\u00e9tition et je demande solennellement au gouvernement et au Parlement de se saisir rapidement de cette question pour que le cadre r\u00e9glementaire soit modifi\u00e9 sans d\u00e9lais afin de nous permette, d\u2019ici \u00e0 la rentr\u00e9e scolaire prochaine, de pouvoir rebrancher ce dispositif\u2009\u00bb, a-t-il ajout\u00e9.<\/p>\n<p class=\" wall-content\">Suivez toute l\u2019actualit\u00e9 de vos villes et m\u00e9dias favoris en vous inscrivant \u00e0 <a href=\"https:\/\/moncompte.actu.fr\" title=\"D\u00e9couvez Mon Actu\" rel=\"nofollow noopener\" data-trk=\"{&quot;cta&quot;:{&quot;action&quot;:&quot;https:\\\/\\\/moncompte.actu.fr&quot;,&quot;category&quot;:&quot;mon compte&quot;,&quot;from&quot;:&quot;article footer&quot;,&quot;name&quot;:&quot;Mon actu&quot;,&quot;type&quot;:&quot;cta&quot;}}\" target=\"_blank\">Mon Actu<\/a>.<\/p>\n","protected":false},"excerpt":{"rendered":"Par Ugo Maillard Publi\u00e9 le 30 mai 2025 \u00e0 14h47 Par le biais d\u2019un courrier envoy\u00e9 le 20\u00a0mai,&hellip;\n","protected":false},"author":2,"featured_media":139279,"comment_status":"","ping_status":"","sticky":false,"template":"","format":"standard","meta":{"footnotes":""},"categories":[2819],"tags":[1111,11,2397,1777,674,1011,27,2825,12,2401,882,25,104,7939],"class_list":{"0":"post-139278","1":"post","2":"type-post","3":"status-publish","4":"format-standard","5":"has-post-thumbnail","7":"category-nice","8":"tag-actu","9":"tag-actualites","10":"tag-christian-estrosi","11":"tag-eu","12":"tag-europe","13":"tag-fr","14":"tag-france","15":"tag-insecurite","16":"tag-news","17":"tag-nice","18":"tag-provence-alpes-cote-dazur","19":"tag-republique-francaise","20":"tag-societe","21":"tag-videosurveillance"},"share_on_mastodon":{"url":"https:\/\/pubeurope.com\/@fr\/114596940750273325","error":""},"_links":{"self":[{"href":"https:\/\/www.europesays.com\/fr\/wp-json\/wp\/v2\/posts\/139278","targetHints":{"allow":["GET"]}}],"collection":[{"href":"https:\/\/www.europesays.com\/fr\/wp-json\/wp\/v2\/posts"}],"about":[{"href":"https:\/\/www.europesays.com\/fr\/wp-json\/wp\/v2\/types\/post"}],"author":[{"embeddable":true,"href":"https:\/\/www.europesays.com\/fr\/wp-json\/wp\/v2\/users\/2"}],"replies":[{"embeddable":true,"href":"https:\/\/www.europesays.com\/fr\/wp-json\/wp\/v2\/comments?post=139278"}],"version-history":[{"count":0,"href":"https:\/\/www.europesays.com\/fr\/wp-json\/wp\/v2\/posts\/139278\/revisions"}],"wp:featuredmedia":[{"embeddable":true,"href":"https:\/\/www.europesays.com\/fr\/wp-json\/wp\/v2\/media\/139279"}],"wp:attachment":[{"href":"https:\/\/www.europesays.com\/fr\/wp-json\/wp\/v2\/media?parent=139278"}],"wp:term":[{"taxonomy":"category","embeddable":true,"href":"https:\/\/www.europesays.com\/fr\/wp-json\/wp\/v2\/categories?post=139278"},{"taxonomy":"post_tag","embeddable":true,"href":"https:\/\/www.europesays.com\/fr\/wp-json\/wp\/v2\/tags?post=139278"}],"curies":[{"name":"wp","href":"https:\/\/api.w.org\/{rel}","templated":true}]}}