{"id":139280,"date":"2025-05-30T13:08:10","date_gmt":"2025-05-30T13:08:10","guid":{"rendered":"https:\/\/www.europesays.com\/fr\/139280\/"},"modified":"2025-05-30T13:08:10","modified_gmt":"2025-05-30T13:08:10","slug":"une-femme-de-19-ans-poignardee-en-pleine-rue-lagresseur-en-fuite","status":"publish","type":"post","link":"https:\/\/www.europesays.com\/fr\/139280\/","title":{"rendered":"une femme de 19 ans poignard\u00e9e en pleine rue, l\u2019agresseur en fuite"},"content":{"rendered":"<p>La victime a \u00e9t\u00e9 lard\u00e9e, jeudi, d\u2019une dizaine de coups de couteau par son ancien compagnon. L\u2019individu venait de sortir libre d\u2019une garde \u00e0 vue effectu\u00e9e en d\u00e9but de semaine.<\/p>\n<p class=\"fig-paragraph\">Elle avait en vain sollicit\u00e9 l\u2019aide de la police. Une jeune femme \u00e2g\u00e9e de 19 a \u00e9t\u00e9 poignard\u00e9e\u00a0<a href=\"https:\/\/www.lefigaro.fr\/nantes\" target=\"_blank\" data-fig-type=\"Section\" rel=\"noopener\" data-gtm-custom-categorie=\"navigation\" data-gtm-custom-action=\"crossclick\" data-gtm-custom-label=\"Contextuel\" data-gtm-event=\"customEventSPE\" data-fig-domain=\"LEFIGARO\">\u00e0 Nantes<\/a>\u00a0(Loire-Atlantique), jeudi 29 mai. Lac\u00e9r\u00e9e d\u2019une dizaine de coups\u00a0<a href=\"https:\/\/www.lefigaro.fr\/actualite-france\/detention-d-armes-blanches-par-des-mineurs-un-phenomene-qui-touche-tout-le-pays-selon-la-vice-presidente-de-l-assemblee-20250529?msockid=262a8c59665e67822bb999a367116660\" target=\"_blank\" data-fig-type=\"NewsFlash\" rel=\"noopener\" data-gtm-custom-categorie=\"navigation\" data-gtm-custom-action=\"crossclick\" data-gtm-custom-label=\"Contextuel\" data-gtm-event=\"customEventSPE\" data-fig-domain=\"LEFIGARO\">\u00e0 l\u2019aide d\u2019une arme blanche<\/a>, la victime se trouvait rue de la R\u00e9volution-des-Oeilllets, pr\u00e8s d\u2019un parc \u00e0 l\u2019extr\u00e9mit\u00e9 orientale\u00a0<a href=\"https:\/\/www.lefigaro.fr\/nantes\/lutte-contre-le-trafic-de-drogues-a-nantes-10-personnes-en-garde-a-vue-apres-une-operation-place-nette-20231019?msockid=262a8c59665e67822bb999a367116660\" target=\"_blank\" data-fig-type=\"NewsFlash\" rel=\"noopener\" data-gtm-custom-categorie=\"navigation\" data-gtm-custom-action=\"crossclick\" data-gtm-custom-label=\"Contextuel\" data-gtm-event=\"customEventSPE\" data-fig-domain=\"LEFIGARO\">du quartier sensible de Malakoff<\/a>, lorsqu\u2019elle a \u00e9t\u00e9 agress\u00e9e par un homme de 18 ans, aux alentours de 19 heures.<\/p>\n<p class=\"fig-paragraph\">La jeune femme a \u00e9t\u00e9 transport\u00e9e dans un \u00e9tat tr\u00e8s pr\u00e9occupant au CHU de Nantes. Vendredi matin, le pronostic vital de la victime n\u2019\u00e9tait plus engag\u00e9. Selon nos confr\u00e8res de\u00a0<a href=\"https:\/\/www.ouest-france.fr\/societe\/faits-divers\/a-nantes-une-jeune-femme-recoit-plusieurs-dizaines-de-coups-de-couteau-2ad27f18-3cc9-11f0-88b0-943c4d024772\" target=\"_blank\" rel=\"noopener\" data-gtm-custom-categorie=\"navigation\" data-gtm-custom-action=\"crossclick\" data-gtm-custom-label=\"Contextuel\" data-gtm-event=\"customEventSPE\">Ouest France<\/a>, plusieurs t\u00e9moins de l\u2019attaque ont cherch\u00e9 en vain \u00e0 ma\u00eetriser l\u2019assaillant, qui a pris la fuite en d\u00e9but de soir\u00e9e. Vendredi matin, l\u2019individu \u00e9tait encore activement recherch\u00e9 par les forces de l\u2019ordre, pour \u00abtentative d\u2019homicide\u00bb.<\/p>\n<p class=\"fig-paragraph\">L\u2019auteur des faits est l\u2019ancien compagnon de la victime qui pourrait avoir cherch\u00e9 \u00e0 pi\u00e9ger sa victime dans \u00abun traquenard\u00bb, indique au Figaro une source polici\u00e8re. Connu des forces de l\u2019ordre, l\u2019individu avait \u00e9t\u00e9 plac\u00e9 en garde \u00e0 vue en d\u00e9but de semaine, apr\u00e8s une plainte d\u00e9pos\u00e9e par la victime en raison de plusieurs \u00abtentatives d\u2019agression\u00bb. Son audition n\u2019avait d\u00e9bouch\u00e9 sur aucune poursuite judiciaire, aussi a-t-il pu ressortir libre.<\/p>\n","protected":false},"excerpt":{"rendered":"La victime a \u00e9t\u00e9 lard\u00e9e, jeudi, d\u2019une dizaine de coups de couteau par son ancien compagnon. L\u2019individu venait&hellip;\n","protected":false},"author":2,"featured_media":139281,"comment_status":"","ping_status":"","sticky":false,"template":"","format":"standard","meta":{"footnotes":""},"categories":[2818],"tags":[1111,11,7623,1777,674,462,1011,27,2640,2642,766,2638,2643,2637,2639,2646,2645,2641,2635,2644,2647,12,2636,25],"class_list":{"0":"post-139280","1":"post","2":"type-post","3":"status-publish","4":"format-standard","5":"has-post-thumbnail","7":"category-nantes","8":"tag-actu","9":"tag-actualites","10":"tag-coup-de-couteau","11":"tag-eu","12":"tag-europe","13":"tag-fc-nantes","14":"tag-fr","15":"tag-france","16":"tag-hauts-paves-saint-felix","17":"tag-ile-de-nantes","18":"tag-nantes","19":"tag-nantes-bellevue-chantenay-sainte-anne","20":"tag-nantes-breil-barberie","21":"tag-nantes-centre-ville","22":"tag-nantes-dervallieres-zola","23":"tag-nantes-doulon-bottiere","24":"tag-nantes-erdre","25":"tag-nantes-malakoff-saint-donatien","26":"tag-nantes-metropole","27":"tag-nantes-nord","28":"tag-nantes-sud","29":"tag-news","30":"tag-pays-de-la-loire","31":"tag-republique-francaise"},"share_on_mastodon":{"url":"https:\/\/pubeurope.com\/@fr\/114596944453217404","error":""},"_links":{"self":[{"href":"https:\/\/www.europesays.com\/fr\/wp-json\/wp\/v2\/posts\/139280","targetHints":{"allow":["GET"]}}],"collection":[{"href":"https:\/\/www.europesays.com\/fr\/wp-json\/wp\/v2\/posts"}],"about":[{"href":"https:\/\/www.europesays.com\/fr\/wp-json\/wp\/v2\/types\/post"}],"author":[{"embeddable":true,"href":"https:\/\/www.europesays.com\/fr\/wp-json\/wp\/v2\/users\/2"}],"replies":[{"embeddable":true,"href":"https:\/\/www.europesays.com\/fr\/wp-json\/wp\/v2\/comments?post=139280"}],"version-history":[{"count":0,"href":"https:\/\/www.europesays.com\/fr\/wp-json\/wp\/v2\/posts\/139280\/revisions"}],"wp:featuredmedia":[{"embeddable":true,"href":"https:\/\/www.europesays.com\/fr\/wp-json\/wp\/v2\/media\/139281"}],"wp:attachment":[{"href":"https:\/\/www.europesays.com\/fr\/wp-json\/wp\/v2\/media?parent=139280"}],"wp:term":[{"taxonomy":"category","embeddable":true,"href":"https:\/\/www.europesays.com\/fr\/wp-json\/wp\/v2\/categories?post=139280"},{"taxonomy":"post_tag","embeddable":true,"href":"https:\/\/www.europesays.com\/fr\/wp-json\/wp\/v2\/tags?post=139280"}],"curies":[{"name":"wp","href":"https:\/\/api.w.org\/{rel}","templated":true}]}}