{"id":139292,"date":"2025-05-30T13:15:19","date_gmt":"2025-05-30T13:15:19","guid":{"rendered":"https:\/\/www.europesays.com\/fr\/139292\/"},"modified":"2025-05-30T13:15:19","modified_gmt":"2025-05-30T13:15:19","slug":"groupe-roubaix-en-commun-juin-juillet-aout-2025","status":"publish","type":"post","link":"https:\/\/www.europesays.com\/fr\/139292\/","title":{"rendered":"Groupe Roubaix en commun &#8211; Juin Juillet Ao\u00fbt 2025"},"content":{"rendered":"<p class=\"p1\">L\u2019\u00e9tat de sant\u00e9 d\u2019une population d\u00e9pend de multiples conditions : le niveau socio-\u00e9conomique de ses habitants, une offre de soins et de prise en charge satisfaisante, des politiques de pr\u00e9vention et d\u2019\u00e9ducation pour la sant\u00e9 d\u00e8s le plus jeune \u00e2ge mais aussi les conditions satisfaisantes de logement, la qualit\u00e9 de l\u2019environnement\u2026<br \/><strong>Roubaix pr\u00e9sente \u00e0 cet \u00e9gard des situations contrast\u00e9es, parfois tr\u00e8s d\u00e9favorables.<\/strong><br \/>Si la ville dispose d\u2019infrastructures m\u00e9dicales solides : le Centre Hospitalier servi par 3000 salari\u00e9s dont 250 m\u00e9decins, des \u00e9tablissements de sant\u00e9 mentale et des centres m\u00e9dicop\u00e9dagogiques\u2026,<strong> il reste que l\u2019acc\u00e8s aux soins est parfois difficile<\/strong>. Roubaix compte 130 m\u00e9decins g\u00e9n\u00e9ralistes en ville, ce qui est une densit\u00e9 dans la moyenne de la m\u00e9tropole lilloise, avec cependant <strong>une p\u00e9nurie de m\u00e9decins plus marqu\u00e9e dans les quartiers Nord<\/strong> : Hommelet, Alma, Cul de Four, Fosse aux Ch\u00eanes\u2026<br \/><strong>La pr\u00e9carit\u00e9 de bon nombre de Roubaisiens et leur faible niveau d\u2019\u00e9ducation pour la sant\u00e9 ont un impact direct sur leur \u00e9tat de sant\u00e9<\/strong> : consommations \u00e0 risques, alimentation d\u00e9s\u00e9quilibr\u00e9e, moindre recours aux soins, taux plus important qu\u2019ailleurs d\u2019ob\u00e9sit\u00e9, de diab\u00e8te, de maladies cardio-vasculaires.<br \/><strong>Au total l\u2019esp\u00e9rance de vie \u00e0 Roubaix est plus faible qu\u2019ailleurs en France et la surmortalit\u00e9 plus \u00e9lev\u00e9e qu\u2019en moyenne nationale.<\/strong><br \/><strong>Un v\u00e9ritable projet de territoire<\/strong><br \/><strong>Quelles priorit\u00e9s d\u2019action et quels dispositifs peut-on envisager pour l\u2019avenir ?<\/strong><br \/>Il s\u2019agit de mieux prendre en charge chaque Roubaisien quand c\u2019est n\u00e9cessaire gr\u00e2ce \u00e0 un parcours de soin adapt\u00e9 ; de mobiliser tous les acteurs de la sant\u00e9 et d\u2019optimiser les ressources autour d\u2019un projet de territoire partag\u00e9.<br \/>Des dispositifs sont \u00e0 cocr\u00e9er avec les acteurs de terrain, avec les collectivit\u00e9s d\u00e9partementale et r\u00e9gionale, avec les services de l\u2019Etat, avec le monde de la formation et des associations. Et la Ville doit y jouer un r\u00f4le majeur d\u2019impulsion, de participation et de suivi.<br \/>Roubaix peut devenir le magnifique exemple d\u2019une ville qui prend soin de ses habitants, dans le domaine de la sant\u00e9, mais aussi, et surtout, parce qu\u2019elle favorise un cadre de vie \u00e9quilibr\u00e9, l\u2019\u00e9ducation, l\u2019accessibilit\u00e9 aux services, la mixit\u00e9 sociale, l\u2019interaction et l\u2019expression de projets partag\u00e9s, la solidarit\u00e9 entre ses habitants. <strong>Roubaix est tr\u00e8s riche de son capital humain, qui est \u00e0 remobiliser. Apr\u00e8s tout, le meilleur des m\u00e9dicaments n\u2019est-il pas \u00ab l\u2019humain \u00bb ?<\/strong><\/p>\n<p style=\"text-align: right;\"><strong>Karim AMROUNI, Nadia BELGACEM, Christiane FONFROIDE,<\/strong><br \/><strong>Dogan KACMAZ et Sadia PAMART, Pr\u00e9sidente du groupe<\/strong><br \/><strong>Roubaix en commun<\/strong><\/p>\n","protected":false},"excerpt":{"rendered":"L\u2019\u00e9tat de sant\u00e9 d\u2019une population d\u00e9pend de multiples conditions : le niveau socio-\u00e9conomique de ses habitants, une offre&hellip;\n","protected":false},"author":2,"featured_media":48636,"comment_status":"","ping_status":"","sticky":false,"template":"","format":"standard","meta":{"footnotes":""},"categories":[2815],"tags":[1111,11,1777,674,14030,1011,27,811,1307,12,25,5030],"class_list":{"0":"post-139292","1":"post","2":"type-post","3":"status-publish","4":"format-standard","5":"has-post-thumbnail","7":"category-lille","8":"tag-actu","9":"tag-actualites","10":"tag-eu","11":"tag-europe","12":"tag-expression-politique","13":"tag-fr","14":"tag-france","15":"tag-hauts-de-france","16":"tag-lille","17":"tag-news","18":"tag-republique-francaise","19":"tag-tribune"},"share_on_mastodon":{"url":"https:\/\/pubeurope.com\/@fr\/114596972019274859","error":""},"_links":{"self":[{"href":"https:\/\/www.europesays.com\/fr\/wp-json\/wp\/v2\/posts\/139292","targetHints":{"allow":["GET"]}}],"collection":[{"href":"https:\/\/www.europesays.com\/fr\/wp-json\/wp\/v2\/posts"}],"about":[{"href":"https:\/\/www.europesays.com\/fr\/wp-json\/wp\/v2\/types\/post"}],"author":[{"embeddable":true,"href":"https:\/\/www.europesays.com\/fr\/wp-json\/wp\/v2\/users\/2"}],"replies":[{"embeddable":true,"href":"https:\/\/www.europesays.com\/fr\/wp-json\/wp\/v2\/comments?post=139292"}],"version-history":[{"count":0,"href":"https:\/\/www.europesays.com\/fr\/wp-json\/wp\/v2\/posts\/139292\/revisions"}],"wp:featuredmedia":[{"embeddable":true,"href":"https:\/\/www.europesays.com\/fr\/wp-json\/wp\/v2\/media\/48636"}],"wp:attachment":[{"href":"https:\/\/www.europesays.com\/fr\/wp-json\/wp\/v2\/media?parent=139292"}],"wp:term":[{"taxonomy":"category","embeddable":true,"href":"https:\/\/www.europesays.com\/fr\/wp-json\/wp\/v2\/categories?post=139292"},{"taxonomy":"post_tag","embeddable":true,"href":"https:\/\/www.europesays.com\/fr\/wp-json\/wp\/v2\/tags?post=139292"}],"curies":[{"name":"wp","href":"https:\/\/api.w.org\/{rel}","templated":true}]}}