{"id":139299,"date":"2025-05-30T13:19:12","date_gmt":"2025-05-30T13:19:12","guid":{"rendered":"https:\/\/www.europesays.com\/fr\/139299\/"},"modified":"2025-05-30T13:19:12","modified_gmt":"2025-05-30T13:19:12","slug":"loeuvre-de-bellecour-regorge-de-monde-mais-divise-toujours","status":"publish","type":"post","link":"https:\/\/www.europesays.com\/fr\/139299\/","title":{"rendered":"l&rsquo;\u0153uvre de Bellecour regorge de monde mais divise toujours"},"content":{"rendered":"<p>            Par<br \/>\n        <strong><br \/>\n            <a href=\"https:\/\/actu.fr\/auteur\/ludivine-caporal\" title=\"Consulter tous les articles de Ludivine Caporal\" target=\"_blank\" rel=\"noopener\">Ludivine Caporal<\/a><br \/>\n        <\/strong><\/p>\n<p>        Publi\u00e9 le<\/p>\n<p>            30 mai 2025 \u00e0 14h31        <\/p>\n<p>Avec les temp\u00e9ratures estivales et le soleil rayonnant de ces derniers jours, Lyonnais et touristes sont de sortie sur l\u2019une des places les plus embl\u00e9matiques de la ville. Et ils semblent <strong>d\u00e9j\u00e0 s\u2019\u00eatre appropri\u00e9s<\/strong> une partie de <a href=\"https:\/\/actu.fr\/auvergne-rhone-alpes\/lyon_69123\/lyon-les-travaux-debutent-place-bellecour-l-oeuvre-se-devoile-une-polemique-gonfle_62554130.html\" target=\"_blank\" rel=\"noopener\">l\u2019\u0153uvre \u00ab\u2009Tissage Urbain\u2009\u00bb<\/a>, install\u00e9e \u00e0 Bellecour par la municipalit\u00e9 de <a href=\"https:\/\/actu.fr\/tag\/gregory-doucet\" target=\"_blank\" rel=\"noopener\">Gr\u00e9gory Doucet<\/a>, malgr\u00e9 <a href=\"https:\/\/actu.fr\/auvergne-rhone-alpes\/lyon_69123\/lyon-scandaleux-un-elu-demande-au-maire-le-retrait-du-projet-de-la-place-bellecour_61855040.html\" target=\"_blank\" rel=\"noopener\">la pol\u00e9mique existante<\/a> -et persistante- autour du projet.<br \/>Mais que pensent-ils vraiment des voiles, des poutres en bois et des blocs de b\u00e9ton qui leur ont r\u00e9cemment \u00e9t\u00e9 rendus accessibles\u2009? Nous sommes all\u00e9s leur demander.<\/p>\n<p>\u00ab\u2009\u00c7a rajoute de la couleur \u00e0 la ville\u2009\u00bb<\/p>\n<p class=\" wall-content\">Assise sur l\u2019une des fondations de l\u2019\u0153uvre apr\u00e8s une s\u00e9ance shopping, une jeune femme d\u2019\u00e0 peine vingt ans est, elle, assez enthousiaste. \u00ab\u2009\u00c7a rajoute de la couleur \u00e0 la ville, un peu de vie. \u00c7a permet aux gens de se poser, je trouve que c\u2019est plut\u00f4t bien\u2009\u00bb, note cette passante.<\/p>\n<p class=\" wall-content\">Comme elle, ils sont en tout cas <strong>tr\u00e8s nombreux<\/strong>, ce mercredi 28\u00a0mai, \u00e0 traverser sous l\u2019\u0153uvre, \u00e0 s\u2019y arr\u00eater ou s\u2019y asseoir, que ce soit pour quelques minutes ou pour une pause plus longue, un livre \u00e0 la main. Certains en discutent d\u2019ailleurs entre eux, n\u2019h\u00e9sitant pas \u00e0 couvrir l\u2019installation g\u00e9ante <strong>de critiques ou de compliments<\/strong> alors qu\u2019ils gardent le nez en l\u2019air pour regarder un peu mieux ce qui les entoure.<\/p>\n<p class=\" wall-content\">\u00ab\u2009C\u2019est une horreur. \u00c7a saccage la place, \u00e7a ne l\u2019enjolive pas et <a href=\"https:\/\/actu.fr\/auvergne-rhone-alpes\/lyon_69123\/lyon-la-statue-de-louis-xiv-encore-taguee-a-bellecour-une-decision-importante-attendue_62358561.html\" target=\"_blank\" rel=\"noopener\">Louis XIV<\/a> n\u2019est plus mis en relief. En plus, \u00e7a ne va pas faire beaucoup d\u2019ombre\u2009\u00bb, s\u2019\u00e9nervent deux mamies devant les panneaux explicatifs de \u00ab\u2009Tissage Urbain \u00bb, annon\u00e7ant \u00e9galement la suite <a href=\"https:\/\/actu.fr\/auvergne-rhone-alpes\/lyon_69123\/lyon-c-est-quoi-ce-grand-chantier-qui-a-demarre-sur-la-place-bellecour_62494949.html\" target=\"_blank\" rel=\"noopener\">du chantier<\/a>.<\/p>\n<p>\u00ab\u2009Beaucoup trop cher pour ce que c\u2019est\u2009\u00bb, \u00ab\u2009Mastoc\u2009\u00bb, \u00ab\u2009Pas tr\u00e8s joli\u2009\u00bb\u2026<\/p>\n<p class=\" wall-content\">Un avis n\u00e9gatif partag\u00e9 par plusieurs des Lyonnais que nous avons interrog\u00e9s, peu importe leur \u00e2ge et, parfois, alors m\u00eame qu\u2019ils ont d\u00e9cid\u00e9 de s\u2019y poser.<\/p>\n<p class=\" wall-content\">\u00ab\u2009C\u2019est pas beau et \u00e7a a co\u00fbt\u00e9 beaucoup trop cher pour ce que c\u2019est. On aurait pu d\u00e9penser l\u2019argent du contribuable pour bien mieux que des morceaux de tissus accroch\u00e9s \u00e0 du bois et fix\u00e9s \u00e0 du b\u00e9ton\u2009\u00bb, l\u00e2che am\u00e8rement un jeune homme.<\/p>\n<p class=\" wall-content\">\u00ab\u2009L\u2019id\u00e9e est bien. Mais esth\u00e9tiquement, <strong>\u00e7a ne me pla\u00eet pas du tout<\/strong>. Je pensais qu\u2019ils allaient faire un seul drapeau et pas plusieurs petites bandes. De loin, \u00e7a fait un peu un gros truc en acier pos\u00e9 en bloc. C\u2019est trop dommage\u2009\u00bb, abonde une autre jeune fille, de passage sur la place.<\/p>\n<p class=\" wall-content\">\u00ab\u2009Je trouve que c\u2019est mastoc, je me demande si \u00e7a sera efficace quand il va faire soleil et tr\u00e8s chaud, si on va sentir un bien-\u00eatre. \u00c0 voir\u2026 Mais je ne trouve pas \u00e7a tr\u00e8s joli, franchement\u2009\u00bb, regrette une Villeurbannaise.<\/p>\n<p>Autant de n\u00e9gatif que de positif<\/p>\n<p class=\" wall-content\">Mais malgr\u00e9 ce qu\u2019on pourrait penser \u00e0 la suite du toll\u00e9 sur les r\u00e9seaux sociaux provoqu\u00e9 par <a href=\"https:\/\/actu.fr\/auvergne-rhone-alpes\/lyon_69123\/lyon-voici-l-oeuvre-monumentale-qui-va-etre-installee-sur-la-place-bellecour-en-2025_61853133.html\" target=\"_blank\" rel=\"noopener\">les premi\u00e8res images du projet<\/a>, les Lyonnais et autres passants sont tout aussi nombreux \u00e0 <strong>appr\u00e9cier la pr\u00e9sence et l\u2019esth\u00e9tisme<\/strong> de \u00ab\u2009Tissage Urbain\u2009\u00bb.<\/p>\n<p class=\" wall-content\">\u00ab\u2009J\u2019ai entendu plein de rageux sur les r\u00e9seaux, moi je trouve \u00e7a trop cool et joli. Quand les brumisateurs vont venir \u00e7a va \u00eatre encore mieux\u2009\u00bb, assure un jeune homme.<\/p>\n<p class=\" wall-content\">\u00ab\u2009Je d\u00e9couvre cette \u0153uvre aujourd\u2019hui et je trouve que c\u2019est bien et que c\u2019est joli. De toute fa\u00e7on il est <a href=\"https:\/\/actu.fr\/auvergne-rhone-alpes\/lyon_69123\/lyon-place-bellecour-pourquoi-le-maire-gregory-doucet-decoit-les-attentes_61857321.html\" target=\"_blank\" rel=\"noopener\">impossible de planter des arbres sur la place Bellecour<\/a>, alors c\u2019est vite vu\u2009! Bien s\u00fbr que moi qui suis \u00e2g\u00e9e, j\u2019ai connu les marronniers ici. C\u2019\u00e9tait magnifique mais c\u2019est le pass\u00e9, il y a maintenant le m\u00e9tro, les parkings\u2026\u2009\u00bb, relativise une dame \u00e2g\u00e9e.<\/p>\n<p class=\" wall-content\">\u00ab\u2009Le bois c\u2019est chaleureux, j\u2019aime bien la couleur des bandes en textile qui vont bien avec la couleur de la terre de la place\u2009\u00bb, \u00ab\u2009Je trouve \u00e7a chouette, \u00e7a change la place Bellecour qui \u00e9tait assez min\u00e9rale et un vrai four en \u00e9t\u00e9\u2009\u00bb, commentent deux autres personnes interrog\u00e9es.<\/p>\n<p>R\u00e9jouissance chez les uns, col\u00e8re chez les autres<\/p>\n<p class=\" wall-content\">Face \u00e0 l\u2019affluence observ\u00e9e sur et autour de l\u2019\u0153uvre depuis plusieurs semaines, les \u00e9lus \u00e9cologistes, eux, se r\u00e9jouissent, tandis que l\u2019opposition continue d\u2019alimenter la pol\u00e9mique et de demander son retrait.<\/p>\n<p class=\" wall-content\">\n<p class=\" wall-content\">\n<p class=\" wall-content\">Derni\u00e8rement, le maire du 2e arrondissement de Lyon et candidat aux municipales de 2026, <a href=\"https:\/\/actu.fr\/auvergne-rhone-alpes\/lyon_69123\/lyon-du-suicide-la-candidature-mal-embarquee-de-pierre-oliver-aux-municipales-2026_62499121.html\" target=\"_blank\" rel=\"noopener\">Pierre Oliver (LR)<\/a>, a ainsi d\u00e9nonc\u00e9 de \u00ab\u2009l\u2019ins\u00e9curit\u00e9 et des nuisances\u2009\u00bb \u00e0 la suite des rassemblements nocturnes au pied de \u00ab\u2009Tissage Urbain\u2009\u00bb. Mais celle-ci semble bien partie pour rester en place sur les cinq prochaines ann\u00e9es\u2009!<\/p>\n<p class=\" wall-content\">Suivez toute l\u2019actualit\u00e9 de vos villes et m\u00e9dias favoris en vous inscrivant \u00e0 <a href=\"https:\/\/moncompte.actu.fr\" title=\"D\u00e9couvez Mon Actu\" rel=\"nofollow noopener\" data-trk=\"{&quot;cta&quot;:{&quot;action&quot;:&quot;https:\\\/\\\/moncompte.actu.fr&quot;,&quot;category&quot;:&quot;mon compte&quot;,&quot;from&quot;:&quot;article footer&quot;,&quot;name&quot;:&quot;Mon actu&quot;,&quot;type&quot;:&quot;cta&quot;}}\" target=\"_blank\">Mon Actu<\/a>.<\/p>\n","protected":false},"excerpt":{"rendered":"Par Ludivine Caporal Publi\u00e9 le 30 mai 2025 \u00e0 14h31 Avec les temp\u00e9ratures estivales et le soleil rayonnant&hellip;\n","protected":false},"author":2,"featured_media":139300,"comment_status":"","ping_status":"","sticky":false,"template":"","format":"standard","meta":{"footnotes":""},"categories":[1889],"tags":[1111,11,2430,5272,1777,674,1011,27,2428,12,25,104],"class_list":{"0":"post-139299","1":"post","2":"type-post","3":"status-publish","4":"format-standard","5":"has-post-thumbnail","7":"category-lyon","8":"tag-actu","9":"tag-actualites","10":"tag-auvergne-rhone-alpes","11":"tag-bellecour","12":"tag-eu","13":"tag-europe","14":"tag-fr","15":"tag-france","16":"tag-lyon","17":"tag-news","18":"tag-republique-francaise","19":"tag-societe"},"share_on_mastodon":{"url":"https:\/\/pubeurope.com\/@fr\/114596987769921918","error":""},"_links":{"self":[{"href":"https:\/\/www.europesays.com\/fr\/wp-json\/wp\/v2\/posts\/139299","targetHints":{"allow":["GET"]}}],"collection":[{"href":"https:\/\/www.europesays.com\/fr\/wp-json\/wp\/v2\/posts"}],"about":[{"href":"https:\/\/www.europesays.com\/fr\/wp-json\/wp\/v2\/types\/post"}],"author":[{"embeddable":true,"href":"https:\/\/www.europesays.com\/fr\/wp-json\/wp\/v2\/users\/2"}],"replies":[{"embeddable":true,"href":"https:\/\/www.europesays.com\/fr\/wp-json\/wp\/v2\/comments?post=139299"}],"version-history":[{"count":0,"href":"https:\/\/www.europesays.com\/fr\/wp-json\/wp\/v2\/posts\/139299\/revisions"}],"wp:featuredmedia":[{"embeddable":true,"href":"https:\/\/www.europesays.com\/fr\/wp-json\/wp\/v2\/media\/139300"}],"wp:attachment":[{"href":"https:\/\/www.europesays.com\/fr\/wp-json\/wp\/v2\/media?parent=139299"}],"wp:term":[{"taxonomy":"category","embeddable":true,"href":"https:\/\/www.europesays.com\/fr\/wp-json\/wp\/v2\/categories?post=139299"},{"taxonomy":"post_tag","embeddable":true,"href":"https:\/\/www.europesays.com\/fr\/wp-json\/wp\/v2\/tags?post=139299"}],"curies":[{"name":"wp","href":"https:\/\/api.w.org\/{rel}","templated":true}]}}