{"id":139301,"date":"2025-05-30T13:20:10","date_gmt":"2025-05-30T13:20:10","guid":{"rendered":"https:\/\/www.europesays.com\/fr\/139301\/"},"modified":"2025-05-30T13:20:10","modified_gmt":"2025-05-30T13:20:10","slug":"il-avait-offert-un-cactus-pour-le-denoncer","status":"publish","type":"post","link":"https:\/\/www.europesays.com\/fr\/139301\/","title":{"rendered":"il avait offert un cactus pour le d\u00e9noncer"},"content":{"rendered":"<p>\u00a0Fabien Chalard a 50 ans, une belle r\u00e9ussite professionnelle dans la restauration. C\u2019est le seul \u00e0 accepter, malgr\u00e9 sa notori\u00e9t\u00e9, de nous parler\u00a0\u00e0 visage d\u00e9couvert de ses ann\u00e9es \u00e0 Saint-Thomas-d\u2019Aquin. \u00ab\u00a0Aujourd\u2019hui, il faut que \u00e7a sorte\u00a0\u00bb, nous dit-il. La honte doit \u00eatre derri\u00e8re lui, derri\u00e8re tous ceux que N.V. a salis.\u00a0Mais Dieu sait que l\u2019effort lui co\u00fbte et ram\u00e8ne \u00e0 la surface des images qui le r\u00e9vulsent, le bouleversent.<\/p>\n<p>Comme les autres, il n\u2019a jamais parl\u00e9 ou bien il a \u00ab\u00a0\u00e9dulcor\u00e9\u00a0\u00bb, taisant le pire pour ne confier que l\u2019entendable. Des \u00ab\u00a0tripotages\u00a0\u00bb, avait-il souffl\u00e9 \u00e0 sa m\u00e8re. Choqu\u00e9e, elle l\u2019avait accompagn\u00e9 dans le bureau du chef d\u2019\u00e9tablissement d\u2019alors, Philippe Blanc.<\/p>\n<p>\u00a0\u00a0\u00ab J\u2019\u00e9tais meurtri, r\u00e9ellement, et en col\u00e8re. \u00bb<\/p>\n<p>Fabien avait 19 ans et s\u2019appr\u00eatait \u00e0 faire ses adieux \u00e0 Saint-Thom\u2019 avant d\u2019int\u00e9grer&#8230;<\/p>\n","protected":false},"excerpt":{"rendered":"\u00a0Fabien Chalard a 50 ans, une belle r\u00e9ussite professionnelle dans la restauration. C\u2019est le seul \u00e0 accepter, malgr\u00e9&hellip;\n","protected":false},"author":2,"featured_media":139302,"comment_status":"","ping_status":"","sticky":false,"template":"","format":"standard","meta":{"footnotes":""},"categories":[1889],"tags":[1111,11,2430,271,272,2757,3154,1777,674,274,107,1011,27,2428,2756,12,15665,15666,25,2429],"class_list":{"0":"post-139301","1":"post","2":"type-post","3":"status-publish","4":"format-standard","5":"has-post-thumbnail","7":"category-lyon","8":"tag-actu","9":"tag-actualites","10":"tag-auvergne-rhone-alpes","11":"tag-crime","12":"tag-delit-et-contravention","13":"tag-edition-lyon-villeurbanne","14":"tag-edition-sud-lyonnais","15":"tag-eu","16":"tag-europe","17":"tag-faits-divers-justice","18":"tag-fil-info","19":"tag-fr","20":"tag-france","21":"tag-lyon","22":"tag-lyon-bassin","23":"tag-news","24":"tag-oullins-pierre-benite","25":"tag-oullins-ville","26":"tag-republique-francaise","27":"tag-rhone"},"share_on_mastodon":{"url":"https:\/\/pubeurope.com\/@fr\/114596991689670567","error":""},"_links":{"self":[{"href":"https:\/\/www.europesays.com\/fr\/wp-json\/wp\/v2\/posts\/139301","targetHints":{"allow":["GET"]}}],"collection":[{"href":"https:\/\/www.europesays.com\/fr\/wp-json\/wp\/v2\/posts"}],"about":[{"href":"https:\/\/www.europesays.com\/fr\/wp-json\/wp\/v2\/types\/post"}],"author":[{"embeddable":true,"href":"https:\/\/www.europesays.com\/fr\/wp-json\/wp\/v2\/users\/2"}],"replies":[{"embeddable":true,"href":"https:\/\/www.europesays.com\/fr\/wp-json\/wp\/v2\/comments?post=139301"}],"version-history":[{"count":0,"href":"https:\/\/www.europesays.com\/fr\/wp-json\/wp\/v2\/posts\/139301\/revisions"}],"wp:featuredmedia":[{"embeddable":true,"href":"https:\/\/www.europesays.com\/fr\/wp-json\/wp\/v2\/media\/139302"}],"wp:attachment":[{"href":"https:\/\/www.europesays.com\/fr\/wp-json\/wp\/v2\/media?parent=139301"}],"wp:term":[{"taxonomy":"category","embeddable":true,"href":"https:\/\/www.europesays.com\/fr\/wp-json\/wp\/v2\/categories?post=139301"},{"taxonomy":"post_tag","embeddable":true,"href":"https:\/\/www.europesays.com\/fr\/wp-json\/wp\/v2\/tags?post=139301"}],"curies":[{"name":"wp","href":"https:\/\/api.w.org\/{rel}","templated":true}]}}