{"id":139303,"date":"2025-05-30T13:21:09","date_gmt":"2025-05-30T13:21:09","guid":{"rendered":"https:\/\/www.europesays.com\/fr\/139303\/"},"modified":"2025-05-30T13:21:09","modified_gmt":"2025-05-30T13:21:09","slug":"vigilance-aux-orages-activee-apres-le-pic-de-chaleur-a-paris-et-en-ile-de-france-de-ce-vendredi","status":"publish","type":"post","link":"https:\/\/www.europesays.com\/fr\/139303\/","title":{"rendered":"Vigilance aux orages activ\u00e9e apr\u00e8s le pic de chaleur \u00e0 Paris et en \u00cele-de-France de ce vendredi"},"content":{"rendered":"<p>            Par<br \/>\n        <strong><br \/>\n            <a href=\"https:\/\/actu.fr\/auteur\/thomas-martin\" title=\"Consulter tous les articles de Thomas Martin\" target=\"_blank\" rel=\"noopener\">Thomas Martin<\/a><br \/>\n        <\/strong><\/p>\n<p>        Publi\u00e9 le<\/p>\n<p>            30 mai 2025 \u00e0 8h02        <\/p>\n<p>Comme annonc\u00e9, il va faire chaud ce vendredi 30 mai 2025 \u00e0 Paris et en \u00cele-de-France avec des <strong>temp\u00e9ratures estivales<\/strong> annonc\u00e9es par <a href=\"https:\/\/actu.fr\/tag\/meteo-france\" target=\"_blank\" rel=\"noopener\">M\u00e9t\u00e9o-France<\/a>. Mais, les r\u00e9jouissances vont \u00eatre de courte dur\u00e9e car la <a href=\"https:\/\/actu.fr\/paris\/meteo\" target=\"_blank\" rel=\"noopener\">m\u00e9t\u00e9o<\/a> devrait ensuite changer radicalement dans la r\u00e9gion avec l\u2019arriv\u00e9e des <a href=\"https:\/\/actu.fr\/tag\/orages\" target=\"_blank\" rel=\"noopener\">orages<\/a>. Les pr\u00e9visions.\u00a0<\/p>\n<p>Les pr\u00e9visions de M\u00e9t\u00e9o-France \u00e0 Paris et en \u00cele-de-France<\/p>\n<p class=\" wall-content\">Ce vendredi, le soleil va r\u00e9gner sans partage dans la capitale et l\u2019ensemble de l\u2019\u00cele-de-France. Il fait d\u00e9j\u00e0 18\u00b0C \u00e0 8h \u00e0 Paris et on devrait atteindre les 30\u00b0C dans la journ\u00e9e. Des temp\u00e9ratures \u00e9lev\u00e9es qui vont se maintenir puisqu\u2019il fera encore 28\u00b0C \u00e0 20h.\u00a0<\/p>\n<p class=\" wall-content\">Samedi,\u00a0\u00a0une d\u00e9gradation orageuse d\u00e9bute, d\u2019abord sur le Massif central, avant de s\u2019\u00e9tendre vers le nord et le nord-est du pays. Les temp\u00e9ratures restent \u00e9lev\u00e9es, en baisse par l\u2019ouest, stationnaires \u00e0 l\u2019est, indique M\u00e9t\u00e9o-France.\u00a0<\/p>\n<p class=\" wall-content\">En \u00cele-de-France, le ciel sera encombr\u00e9 de nuages d\u00e8s le matin. L\u2019apr\u00e8s-midi, le ciel sera tr\u00e8s nuageux dans l\u2019ensemble et des averses localement orageuses sont attendues en fin d\u2019apr\u00e8s-midi. Toute la r\u00e9gion a \u00e9t\u00e9 plac\u00e9e en vigilance jaune aux orages par M\u00e9t\u00e9o-France. Celle-ci est de mise de 12h30 \u00e0 21h30.\u00a0<\/p>\n<p class=\" wall-content\">M\u00e9t\u00e9o-France attend seulement 1 mm de pr\u00e9cipitations \u00e0 l\u2019heure actuelle \u00e0 Paris. Les temp\u00e9ratures, elles, resteront encore \u00e9lev\u00e9es puisqu\u2019il fera 28\u00b0C dans la capitale en d\u00e9but d\u2019apr\u00e8s-midi.\u00a0<\/p>\n<p>Vid\u00e9os : en ce moment sur Actu<\/p>\n<p class=\" wall-content\">Suivez toute l\u2019actualit\u00e9 de vos villes et m\u00e9dias favoris en vous inscrivant \u00e0 <a href=\"https:\/\/moncompte.actu.fr\" title=\"D\u00e9couvez Mon Actu\" rel=\"nofollow noopener\" data-trk=\"{&quot;cta&quot;:{&quot;action&quot;:&quot;https:\\\/\\\/moncompte.actu.fr&quot;,&quot;category&quot;:&quot;mon compte&quot;,&quot;from&quot;:&quot;article footer&quot;,&quot;name&quot;:&quot;Mon actu&quot;,&quot;type&quot;:&quot;cta&quot;}}\" target=\"_blank\">Mon Actu<\/a>.<\/p>\n","protected":false},"excerpt":{"rendered":"Par Thomas Martin Publi\u00e9 le 30 mai 2025 \u00e0 8h02 Comme annonc\u00e9, il va faire chaud ce vendredi&hellip;\n","protected":false},"author":2,"featured_media":139304,"comment_status":"","ping_status":"","sticky":false,"template":"","format":"standard","meta":{"footnotes":""},"categories":[1592],"tags":[1111,11,1777,674,1011,27,662,2487,2357,12,4594,626,25],"class_list":{"0":"post-139303","1":"post","2":"type-post","3":"status-publish","4":"format-standard","5":"has-post-thumbnail","7":"category-ile-de-france","8":"tag-actu","9":"tag-actualites","10":"tag-eu","11":"tag-europe","12":"tag-fr","13":"tag-france","14":"tag-ile-de-france","15":"tag-meteo","16":"tag-meteo-france","17":"tag-news","18":"tag-orages","19":"tag-paris","20":"tag-republique-francaise"},"share_on_mastodon":{"url":"https:\/\/pubeurope.com\/@fr\/114596995751094387","error":""},"_links":{"self":[{"href":"https:\/\/www.europesays.com\/fr\/wp-json\/wp\/v2\/posts\/139303","targetHints":{"allow":["GET"]}}],"collection":[{"href":"https:\/\/www.europesays.com\/fr\/wp-json\/wp\/v2\/posts"}],"about":[{"href":"https:\/\/www.europesays.com\/fr\/wp-json\/wp\/v2\/types\/post"}],"author":[{"embeddable":true,"href":"https:\/\/www.europesays.com\/fr\/wp-json\/wp\/v2\/users\/2"}],"replies":[{"embeddable":true,"href":"https:\/\/www.europesays.com\/fr\/wp-json\/wp\/v2\/comments?post=139303"}],"version-history":[{"count":0,"href":"https:\/\/www.europesays.com\/fr\/wp-json\/wp\/v2\/posts\/139303\/revisions"}],"wp:featuredmedia":[{"embeddable":true,"href":"https:\/\/www.europesays.com\/fr\/wp-json\/wp\/v2\/media\/139304"}],"wp:attachment":[{"href":"https:\/\/www.europesays.com\/fr\/wp-json\/wp\/v2\/media?parent=139303"}],"wp:term":[{"taxonomy":"category","embeddable":true,"href":"https:\/\/www.europesays.com\/fr\/wp-json\/wp\/v2\/categories?post=139303"},{"taxonomy":"post_tag","embeddable":true,"href":"https:\/\/www.europesays.com\/fr\/wp-json\/wp\/v2\/tags?post=139303"}],"curies":[{"name":"wp","href":"https:\/\/api.w.org\/{rel}","templated":true}]}}