{"id":139305,"date":"2025-05-30T13:22:09","date_gmt":"2025-05-30T13:22:09","guid":{"rendered":"https:\/\/www.europesays.com\/fr\/139305\/"},"modified":"2025-05-30T13:22:09","modified_gmt":"2025-05-30T13:22:09","slug":"condamnee-a-rembourser-la-dette-colossale-de-son-mari-elle-fait-plier-le-creancier-en-justice","status":"publish","type":"post","link":"https:\/\/www.europesays.com\/fr\/139305\/","title":{"rendered":"condamn\u00e9e \u00e0 rembourser la dette colossale de son mari, elle fait plier le cr\u00e9ancier en justice"},"content":{"rendered":"<p>            Par<br \/>\n        <strong><br \/>\n            <a href=\"https:\/\/actu.fr\/auteur\/thomas-martin\" title=\"Consulter tous les articles de Thomas Martin\" target=\"_blank\" rel=\"noopener\">Thomas Martin<\/a><br \/>\n        <\/strong><\/p>\n<p>        Publi\u00e9 le<\/p>\n<p>            30 mai 2025 \u00e0 14h55        <\/p>\n<p>Elle peut pousser un \u00ab\u00a0ouf\u00a0\u00bb de soulagement. L\u2019\u00e9pouse d\u2019un ancien administrateur judiciaire de <a href=\"https:\/\/actu.fr\/ile-de-france\/fontainebleau_77186\" target=\"_blank\" rel=\"noopener\">Fontainebleau<\/a> en Seine-et-Marne, radi\u00e9 \u00e0 la suite de pr\u00e9l\u00e8vements indus sur les fonds de son \u00e9tude, avait \u00e9t\u00e9 condamn\u00e9e en premi\u00e8re instance \u00e0 payer pr\u00e8s de <strong>450 000 euros, <\/strong>une somme pr\u00e9sent\u00e9e comme une dette de la communaut\u00e9, \u00e0 la Caisse de garantie des administrateurs judiciaires et des mandataires judiciaires bas\u00e9e \u00e0 Paris. La <a href=\"https:\/\/actu.fr\/tag\/cour-de-cassation\" target=\"_blank\" rel=\"noopener\">Cour de cassation<\/a> vient de lui donner raison.\u00a0<\/p>\n<p>Ce que dit la Cour de cassation<\/p>\n<p class=\" wall-content\">Si les biens communs de personnes mari\u00e9es sous le r\u00e9gime de la communaut\u00e9 peuvent \u00eatre saisis pour r\u00e9gler une dette d\u2019un des \u00e9poux, un conjoint ne peut pas \u00eatre condamn\u00e9 \u00e0 titre personnel \u00e0 la payer, a jug\u00e9 <a href=\"https:\/\/www.courdecassation.fr\/decision\/682d68fb16fd466a1ce900d0#:~:text=%C2%AB%201%C2%B0%20%2F%20que%20le%20paiement,administrateurs%20judiciaires%20et%20des%20mandataires\" target=\"_blank\" rel=\"noopener\">la Cour de cassation<\/a>.<\/p>\n<p class=\" wall-content\">La Caisse de garantie des administrateurs judiciaires et des mandataires judiciaires, qui revendique une cr\u00e9ance d\u2019un million d\u2019euros au total, avait en effet d\u00fb r\u00e9gler les fonds manquants et avait assign\u00e9 l\u2019ancien administrateur, ainsi que son \u00e9pouse, pour en obtenir le remboursement solidairement par les \u00e9poux. Mais ce jugement avait \u00e9t\u00e9 infirm\u00e9 en appel et la Caisse s\u2019\u00e9tait pourvue en cassation.<\/p>\n<p class=\" wall-content\">Selon l\u2019article 1413 du code civil, \u00ab\u00a0le paiement des dettes dont chaque \u00e9poux est tenu, pour quelque cause que ce soit, pendant la communaut\u00e9, peut toujours \u00eatre poursuivi sur les biens communs\u00a0\u00bb. Mais ces dispositions \u00ab\u00a0ne sauraient\u00a0\u00bb justifier la condamnation d\u2019un \u00e9poux au paiement d\u2019une dette \u00ab\u00a0entr\u00e9e dans la communaut\u00e9\u00a0\u00bb du fait de son conjoint, a observ\u00e9 la Cour de cassation.<\/p>\n<p class=\" wall-content\">Or, la cr\u00e9ance de la Caisse de garantie \u00ab\u00a0correspondait \u00e0 une dette personnelle\u00a0\u00bb de l\u2019ancien administrateur judiciaire r\u00e9sultant de ses fautes. C\u2019est donc \u00e0 raison que la cour d\u2019appel en a \u00ab\u00a0d\u00e9duit que le r\u00e8glement pouvait en \u00eatre poursuivi sur les biens communs\u00a0\u00bb mais que l\u2019\u00e9pouse, \u00ab\u00a0n\u2019\u00e9tant pas d\u00e9bitrice\u00a0\u00bb\u00a0de cette somme, \u00ab\u00a0ne pouvait \u00eatre condamn\u00e9e \u00e0 titre personnel\u00a0\u00bb, a tranch\u00e9 la Cour de cassation.<\/p>\n<p>Vid\u00e9os : en ce moment sur Actu<\/p>\n<p class=\" wall-content\"><strong>Avec AFP<\/strong><\/p>\n<p class=\" wall-content\">Suivez toute l\u2019actualit\u00e9 de vos villes et m\u00e9dias favoris en vous inscrivant \u00e0 <a href=\"https:\/\/moncompte.actu.fr\" title=\"D\u00e9couvez Mon Actu\" rel=\"nofollow noopener\" data-trk=\"{&quot;cta&quot;:{&quot;action&quot;:&quot;https:\\\/\\\/moncompte.actu.fr&quot;,&quot;category&quot;:&quot;mon compte&quot;,&quot;from&quot;:&quot;article footer&quot;,&quot;name&quot;:&quot;Mon actu&quot;,&quot;type&quot;:&quot;cta&quot;}}\" target=\"_blank\">Mon Actu<\/a>.<\/p>\n<ul class=\"ac-article-tag wall-content\">\n<li><a href=\"https:\/\/actu.fr\/tag\/cour-de-cassation\" data-trk=\"{&quot;cta&quot;:{&quot;action&quot;:&quot;Cour de Cassation&quot;,&quot;category&quot;:&quot;tag&quot;,&quot;from&quot;:&quot;article footer&quot;,&quot;name&quot;:&quot;Cour de Cassation&quot;,&quot;type&quot;:&quot;cta&quot;}}\" target=\"_blank\" rel=\"noopener\">#Cour de Cassation<\/a><\/li>\n<li><a href=\"https:\/\/actu.fr\/tag\/justice\" data-trk=\"{&quot;cta&quot;:{&quot;action&quot;:&quot;Justice&quot;,&quot;category&quot;:&quot;tag&quot;,&quot;from&quot;:&quot;article footer&quot;,&quot;name&quot;:&quot;Justice&quot;,&quot;type&quot;:&quot;cta&quot;}}\" target=\"_blank\" rel=\"noopener\">#Justice<\/a><\/li>\n<\/ul>\n","protected":false},"excerpt":{"rendered":"Par Thomas Martin Publi\u00e9 le 30 mai 2025 \u00e0 14h55 Elle peut pousser un \u00ab\u00a0ouf\u00a0\u00bb de soulagement. L\u2019\u00e9pouse&hellip;\n","protected":false},"author":2,"featured_media":139306,"comment_status":"","ping_status":"","sticky":false,"template":"","format":"standard","meta":{"footnotes":""},"categories":[1592],"tags":[1111,11,8424,1777,674,1011,27,662,303,12,626,25,104],"class_list":{"0":"post-139305","1":"post","2":"type-post","3":"status-publish","4":"format-standard","5":"has-post-thumbnail","7":"category-ile-de-france","8":"tag-actu","9":"tag-actualites","10":"tag-cour-de-cassation","11":"tag-eu","12":"tag-europe","13":"tag-fr","14":"tag-france","15":"tag-ile-de-france","16":"tag-justice","17":"tag-news","18":"tag-paris","19":"tag-republique-francaise","20":"tag-societe"},"share_on_mastodon":{"url":"https:\/\/pubeurope.com\/@fr\/114596999618245140","error":""},"_links":{"self":[{"href":"https:\/\/www.europesays.com\/fr\/wp-json\/wp\/v2\/posts\/139305","targetHints":{"allow":["GET"]}}],"collection":[{"href":"https:\/\/www.europesays.com\/fr\/wp-json\/wp\/v2\/posts"}],"about":[{"href":"https:\/\/www.europesays.com\/fr\/wp-json\/wp\/v2\/types\/post"}],"author":[{"embeddable":true,"href":"https:\/\/www.europesays.com\/fr\/wp-json\/wp\/v2\/users\/2"}],"replies":[{"embeddable":true,"href":"https:\/\/www.europesays.com\/fr\/wp-json\/wp\/v2\/comments?post=139305"}],"version-history":[{"count":0,"href":"https:\/\/www.europesays.com\/fr\/wp-json\/wp\/v2\/posts\/139305\/revisions"}],"wp:featuredmedia":[{"embeddable":true,"href":"https:\/\/www.europesays.com\/fr\/wp-json\/wp\/v2\/media\/139306"}],"wp:attachment":[{"href":"https:\/\/www.europesays.com\/fr\/wp-json\/wp\/v2\/media?parent=139305"}],"wp:term":[{"taxonomy":"category","embeddable":true,"href":"https:\/\/www.europesays.com\/fr\/wp-json\/wp\/v2\/categories?post=139305"},{"taxonomy":"post_tag","embeddable":true,"href":"https:\/\/www.europesays.com\/fr\/wp-json\/wp\/v2\/tags?post=139305"}],"curies":[{"name":"wp","href":"https:\/\/api.w.org\/{rel}","templated":true}]}}