{"id":13931,"date":"2025-04-10T01:19:25","date_gmt":"2025-04-10T01:19:25","guid":{"rendered":"https:\/\/www.europesays.com\/fr\/13931\/"},"modified":"2025-04-10T01:19:25","modified_gmt":"2025-04-10T01:19:25","slug":"en-guadeloupe-le-film-zion-met-de-laplomb-dans-lile-liberation","status":"publish","type":"post","link":"https:\/\/www.europesays.com\/fr\/13931\/","title":{"rendered":"En Guadeloupe, le film \u00abZion\u00bb met de l\u2019aplomb dans l\u2019\u00eele \u2013 Lib\u00e9ration"},"content":{"rendered":"<p class=\"sc-cPiKLX AiZTS text-element\">Il y a foule devant le Cin\u00e9star des Abymes, en Guadeloupe, ce lundi 24 mars \u00e0 19h30. Quelques mines d\u00e9confites quittent le cin\u00e9ma : \u00abOn avait oubli\u00e9 de r\u00e9server, il n\u2019y a plus de places pour Zion\u00bb, nous explique Sabine. Sorti en avant-premi\u00e8re en Guadeloupe, Martinique et Guyane le 14 mars, le film r\u00e9alise un d\u00e9marrage in\u00e9dit sur l\u2019\u00eele : \u00abIl performe mieux qu\u2019un Marvel et encore mieux que <a href=\"https:\/\/www.liberation.fr\/debats\/2018\/03\/13\/black-panther-est-une-exception-culturelle-americaine_1815570\/\" target=\"_blank\" rel=\"noopener\">Black Panther<\/a>. Toutes les s\u00e9ances de 19 heures sont compl\u00e8tes la veille et cela a \u00e9t\u00e9 le cas tous les jours de la semaine, depuis sa sortie. C\u2019est du jamais vu pour notre cin\u00e9ma depuis son ouverture en 2017\u00bb, pr\u00e9cise avec enthousiasme Christelle Galou, directrice g\u00e9n\u00e9rale du multiplexe.<\/p>\n<p class=\"sc-cPiKLX AiZTS text-element\">Il faut dire que le premier long m\u00e9trage de Nelson Foix a tout pour r\u00e9ussir en Guadeloupe. L\u2019action se d\u00e9roule sur l\u2019\u00eele et l\u2019ensemble des acteurs, professionnels ou amateurs, sont d\u2019origine guadeloup\u00e9enne. Produit par <a href=\"https:\/\/www.liberation.fr\/portrait\/1999\/04\/12\/jamel-debbouze-23-ans-comique-revele-par-canal-on-decrypte-a-present-son-abattage-phenomenal-a-la-ci_270928\/\" target=\"_blank\" rel=\"noopener\">Jamel Debbouze<\/a>, le film retrace les p\u00e9rip\u00e9ties de Chris, petit dealer de Pointe-\u00e0-Pitre, \u00e0 qui l\u2019on d\u00e9pose un b\u00e9b\u00e9 dans un cabas le jour o\u00f9 il doit remplir une livraison importante. En toile de fond se dessine une Guadeloupe \u00e2pre, <\/p>\n","protected":false},"excerpt":{"rendered":"Il y a foule devant le Cin\u00e9star des Abymes, en Guadeloupe, ce lundi 24 mars \u00e0 19h30. Quelques&hellip;\n","protected":false},"author":2,"featured_media":13932,"comment_status":"","ping_status":"","sticky":false,"template":"","format":"standard","meta":{"footnotes":""},"categories":[1354],"tags":[58,59,1346,1011,27,6142,1360],"class_list":{"0":"post-13931","1":"post","2":"type-post","3":"status-publish","4":"format-standard","5":"has-post-thumbnail","7":"category-films","8":"tag-divertissement","9":"tag-entertainment","10":"tag-films","11":"tag-fr","12":"tag-france","13":"tag-guadeloupe","14":"tag-movies"},"share_on_mastodon":{"url":"https:\/\/pubeurope.com\/@fr\/114311041055442493","error":""},"_links":{"self":[{"href":"https:\/\/www.europesays.com\/fr\/wp-json\/wp\/v2\/posts\/13931","targetHints":{"allow":["GET"]}}],"collection":[{"href":"https:\/\/www.europesays.com\/fr\/wp-json\/wp\/v2\/posts"}],"about":[{"href":"https:\/\/www.europesays.com\/fr\/wp-json\/wp\/v2\/types\/post"}],"author":[{"embeddable":true,"href":"https:\/\/www.europesays.com\/fr\/wp-json\/wp\/v2\/users\/2"}],"replies":[{"embeddable":true,"href":"https:\/\/www.europesays.com\/fr\/wp-json\/wp\/v2\/comments?post=13931"}],"version-history":[{"count":0,"href":"https:\/\/www.europesays.com\/fr\/wp-json\/wp\/v2\/posts\/13931\/revisions"}],"wp:featuredmedia":[{"embeddable":true,"href":"https:\/\/www.europesays.com\/fr\/wp-json\/wp\/v2\/media\/13932"}],"wp:attachment":[{"href":"https:\/\/www.europesays.com\/fr\/wp-json\/wp\/v2\/media?parent=13931"}],"wp:term":[{"taxonomy":"category","embeddable":true,"href":"https:\/\/www.europesays.com\/fr\/wp-json\/wp\/v2\/categories?post=13931"},{"taxonomy":"post_tag","embeddable":true,"href":"https:\/\/www.europesays.com\/fr\/wp-json\/wp\/v2\/tags?post=13931"}],"curies":[{"name":"wp","href":"https:\/\/api.w.org\/{rel}","templated":true}]}}