{"id":139324,"date":"2025-05-30T13:32:25","date_gmt":"2025-05-30T13:32:25","guid":{"rendered":"https:\/\/www.europesays.com\/fr\/139324\/"},"modified":"2025-05-30T13:32:25","modified_gmt":"2025-05-30T13:32:25","slug":"28e-regime-fonds-scaleup-europe-comment-lue-compte-booster-linnovation","status":"publish","type":"post","link":"https:\/\/www.europesays.com\/fr\/139324\/","title":{"rendered":"28e r\u00e9gime, fonds Scaleup Europe&#8230; comment l&rsquo;UE compte booster l&rsquo;innovation"},"content":{"rendered":"<p>Mieux vaut tard que jamais ! Apr\u00e8s des ann\u00e9es de gestation, l&rsquo;Union europ\u00e9enne a enfin fini par accoucher d&rsquo;une strat\u00e9gie pour d\u00e9velopper les start-up et les scale-up (les \u00ab gazelles \u00bb \u00e0 croissance rapide) en Europe. Intitul\u00e9e\u00a0\u00ab Choose Europe to start and scale \u00bb,\u00a0dans la continuit\u00e9 de\u00a0l&rsquo;initiative <a href=\"https:\/\/www.latribune.fr\/economie\/france\/plus-de-filles-dans-les-sciences-et-les-maths-un-defi-de-taille-1024467.html\" target=\"_blank\" rel=\"noopener\">Choose Europe for science<\/a> lanc\u00e9e par la pr\u00e9sidente de la Commission europ\u00e9enne, Ursula von\u00a0der\u00a0Leyen, elle vise \u00e0 lever les \u00e9ternels freins au d\u00e9veloppement de l&rsquo;innovation, notamment la fragmentation des r\u00e9glementations pour les start-up, le manque d&rsquo;acc\u00e8s persistant au financement, aux infrastructures et aux march\u00e9s publics, ou encore la p\u00e9nurie des talents.\u00a0Elle vise l&rsquo;objectif de r\u00e9duire l&rsquo;\u00e9cart avec les \u00c9tats-Unis et la Chine et de renforcer la souverainet\u00e9 technologique du Vieux Continent, qui prend conscience de <a href=\"https:\/\/www.latribune.fr\/technos-medias\/informatique\/264-milliards-d-euros-le-cout-exorbitant-de-la-dependance-de-l-europe-au-cloud-americain-1023896.html\" target=\"_blank\" rel=\"noopener\">l&rsquo;ampleur de ses d\u00e9pendances<\/a>.<\/p>\n","protected":false},"excerpt":{"rendered":"Mieux vaut tard que jamais ! Apr\u00e8s des ann\u00e9es de gestation, l&rsquo;Union europ\u00e9enne a enfin fini par accoucher&hellip;\n","protected":false},"author":2,"featured_media":139325,"comment_status":"","ping_status":"","sticky":false,"template":"","format":"standard","meta":{"footnotes":""},"categories":[1586],"tags":[17,26585,11,20,1777,674,16103,1011,27,1861,12,571,25,26586,1807],"class_list":{"0":"post-139324","1":"post","2":"type-post","3":"status-publish","4":"format-standard","5":"has-post-thumbnail","7":"category-europe","8":"tag-17","9":"tag-28e","10":"tag-actualites","11":"tag-comment","12":"tag-eu","13":"tag-europe","14":"tag-fonds","15":"tag-fr","16":"tag-france","17":"tag-lue","18":"tag-news","19":"tag-regime","20":"tag-republique-francaise","21":"tag-scaleup","22":"tag-technos-medias"},"share_on_mastodon":{"url":"https:\/\/pubeurope.com\/@fr\/114597038991338217","error":""},"_links":{"self":[{"href":"https:\/\/www.europesays.com\/fr\/wp-json\/wp\/v2\/posts\/139324","targetHints":{"allow":["GET"]}}],"collection":[{"href":"https:\/\/www.europesays.com\/fr\/wp-json\/wp\/v2\/posts"}],"about":[{"href":"https:\/\/www.europesays.com\/fr\/wp-json\/wp\/v2\/types\/post"}],"author":[{"embeddable":true,"href":"https:\/\/www.europesays.com\/fr\/wp-json\/wp\/v2\/users\/2"}],"replies":[{"embeddable":true,"href":"https:\/\/www.europesays.com\/fr\/wp-json\/wp\/v2\/comments?post=139324"}],"version-history":[{"count":0,"href":"https:\/\/www.europesays.com\/fr\/wp-json\/wp\/v2\/posts\/139324\/revisions"}],"wp:featuredmedia":[{"embeddable":true,"href":"https:\/\/www.europesays.com\/fr\/wp-json\/wp\/v2\/media\/139325"}],"wp:attachment":[{"href":"https:\/\/www.europesays.com\/fr\/wp-json\/wp\/v2\/media?parent=139324"}],"wp:term":[{"taxonomy":"category","embeddable":true,"href":"https:\/\/www.europesays.com\/fr\/wp-json\/wp\/v2\/categories?post=139324"},{"taxonomy":"post_tag","embeddable":true,"href":"https:\/\/www.europesays.com\/fr\/wp-json\/wp\/v2\/tags?post=139324"}],"curies":[{"name":"wp","href":"https:\/\/api.w.org\/{rel}","templated":true}]}}