{"id":139326,"date":"2025-05-30T13:33:10","date_gmt":"2025-05-30T13:33:10","guid":{"rendered":"https:\/\/www.europesays.com\/fr\/139326\/"},"modified":"2025-05-30T13:33:10","modified_gmt":"2025-05-30T13:33:10","slug":"lue-et-six-de-ses-etats-membres-ratifient-le-traite-de-lonu-sur-la-protection-de-la-haute-mer","status":"publish","type":"post","link":"https:\/\/www.europesays.com\/fr\/139326\/","title":{"rendered":"L\u2019UE et six de ses \u00c9tats membres ratifient le trait\u00e9 de l\u2019ONU sur la protection de la haute mer"},"content":{"rendered":"<p>L&rsquo;Union europ\u00e9enne et six de ses \u00c9tats membres ont officiellement ratifi\u00e9 le trait\u00e9 des Nations unies sur la protection de la haute mer mercredi \u00e0 New York.<\/p>\n<p>Cet accord international est consid\u00e9r\u00e9 comme une occasion unique de <strong>sauvegarder les parties de l&rsquo;oc\u00e9an<\/strong> situ\u00e9es au-del\u00e0 des fronti\u00e8res maritimes nationales. Cette derni\u00e8re vague de ratifications intervient avant la conf\u00e9rence historique des Nations unies sur les oc\u00e9ans, qui doit se tenir \u00e0 Nice, en France, au d\u00e9but du mois de juin.<\/p>\n<p>Costas Kadis, commissaire europ\u00e9en charg\u00e9 de la p\u00eache et des oc\u00e9ans, a qualifi\u00e9 cette d\u00e9cision d'\u00a0\u00bb\u00e9tape historique vers la protection des oc\u00e9ans du monde et la pr\u00e9servation de l&rsquo;\u00e9quilibre d\u00e9licat de l&rsquo;\u00e9cosyst\u00e8me de notre plan\u00e8te\u00a0\u00bb.<\/p>\n<p>La ratification signifie que l&rsquo;UE et les six \u00c9tats membres ont formellement accept\u00e9 que le trait\u00e9 devienne une <strong>loi internationale<\/strong> contraignante. Cela implique souvent d&rsquo;aligner la l\u00e9gislation nationale sur les dispositions du trait\u00e9.<\/p>\n<p><b class=\"c-widget-related__title__text\">Related<\/b><\/p>\n<p>En avril, la Commission europ\u00e9enne a pr\u00e9sent\u00e9 une proposition de directive visant \u00e0 transposer le trait\u00e9 sur la haute mer dans le droit europ\u00e9en.<\/p>\n<p>Qu&rsquo;est-ce que le trait\u00e9 sur la haute mer ?<\/p>\n<p>Le <strong>trait\u00e9 sur la haute mer<\/strong> a le potentiel d&rsquo;entra\u00eener un changement significatif dans les efforts de conservation des oc\u00e9ans \u00e0 l&rsquo;\u00e9chelle mondiale.<\/p>\n<p>Les zones situ\u00e9es au-del\u00e0 de la juridiction nationale &#8211; y compris la haute mer et les fonds marins &#8211; couvrent pr\u00e8s des deux tiers des oc\u00e9ans de la plan\u00e8te. Ces r\u00e9gions sont de plus en plus menac\u00e9es par la pollution, la surexploitation, le changement climatique et la perte de <strong>biodiversit\u00e9<\/strong>.<\/p>\n<p>\u00c0 l&rsquo;heure actuelle, seul 1 % environ de la haute mer est prot\u00e9g\u00e9.<\/p>\n<p>Apr\u00e8s des ann\u00e9es de n\u00e9gociations, un consensus mondial sur la n\u00e9cessit\u00e9 de sauvegarder la haute mer a \u00e9t\u00e9 atteint en mars 2023. Le texte du trait\u00e9 a \u00e9t\u00e9 officiellement adopt\u00e9 en juin 2023 au si\u00e8ge des Nations unies \u00e0 New York.<\/p>\n<p>L&rsquo;accord ouvre la voie \u00e0 la protection de la vie marine dans les zones situ\u00e9es en dehors des fronti\u00e8res maritimes nationales. Il permet la cr\u00e9ation d&rsquo;aires marines prot\u00e9g\u00e9es et soutient l&rsquo;objectif mondial de sauvegarde d&rsquo;au moins 30 % des oc\u00e9ans de la plan\u00e8te d&rsquo;ici \u00e0 2030.<\/p>\n<p>Que faut-il pour que le trait\u00e9 sur la haute mer devienne une loi internationale ?<\/p>\n<p>Class\u00e9 dans la cat\u00e9gorie des \u00ab\u00a0accords mixtes\u00a0\u00bb, le trait\u00e9 doit \u00eatre ratifi\u00e9 \u00e0 la fois par l&rsquo;Union europ\u00e9enne et par chacun de ses \u00c9tats membres.<\/p>\n<p>Mercredi, Chypre, la Finlande, la Hongrie, la Lettonie, le Portugal et la Slov\u00e9nie se sont joints \u00e0 l&rsquo;UE pour soumettre leur ratification. La France et l&rsquo;Espagne avaient d\u00e9j\u00e0 ratifi\u00e9 le trait\u00e9 au d\u00e9but de l&rsquo;ann\u00e9e.<\/p>\n<p><b class=\"c-widget-related__title__text\">Related<\/b><\/p>\n<p>Pour entrer en vigueur, le trait\u00e9 doit \u00eatre ratifi\u00e9 par 60 parties. Avec ces derniers ajouts, le nombre de ratifications s&rsquo;\u00e9l\u00e8ve \u00e0 29. Au total, 115 pays ont sign\u00e9 le trait\u00e9, ce qui t\u00e9moigne de leur engagement potentiel \u00e0 le ratifier.<\/p>\n<p>L&rsquo;UE exhorte toutes les parties restantes \u00e0 ratifier l&rsquo;accord sans d\u00e9lai, dans l&rsquo;espoir d&rsquo;obtenir les 60 ratifications n\u00e9cessaires \u00e0 son entr\u00e9e en vigueur d&rsquo;ici \u00e0 la <a href=\"https:\/\/ocean-climate.org\/unoc2025-fr\/\" rel=\"nofollow noopener\" target=\"_blank\" data-ylk=\"slk:conf\u00e9rence des Nations unies sur les oc\u00e9ans;elm:context_link;itc:0;sec:content-canvas\" class=\"link \"><strong>conf\u00e9rence des Nations unies sur les oc\u00e9ans<\/strong><\/a>, qui se tiendra \u00e0 Nice.<\/p>\n<p>Nathalie Rey, coordinatrice r\u00e9gionale europ\u00e9enne de l&rsquo;Alliance pour la haute mer, a qualifi\u00e9 l&rsquo;action de l&rsquo;UE de \u00ab\u00a0puissant coup d&rsquo;acc\u00e9l\u00e9rateur\u00a0\u00bb pour atteindre le seuil de ratification \u00e0 quelques jours du sommet.<\/p>\n<p>\u00ab\u00a0Le leadership de l&rsquo;UE est essentiel pour faire face aux crises de la biodiversit\u00e9 et du climat. Ce geste audacieux envoie un message clair : la protection des oc\u00e9ans n&rsquo;est pas facultative, c&rsquo;est une priorit\u00e9 mondiale\u00a0\u00bb, a-t-elle d\u00e9clar\u00e9.<\/p>\n","protected":false},"excerpt":{"rendered":"L&rsquo;Union europ\u00e9enne et six de ses \u00c9tats membres ont officiellement ratifi\u00e9 le trait\u00e9 des Nations unies sur la&hellip;\n","protected":false},"author":2,"featured_media":139327,"comment_status":"","ping_status":"","sticky":false,"template":"","format":"standard","meta":{"footnotes":""},"categories":[1586],"tags":[11,5999,1777,674,1779,1011,27,26587,7738,2359,12,25,19746,1778,364],"class_list":{"0":"post-139326","1":"post","2":"type-post","3":"status-publish","4":"format-standard","5":"has-post-thumbnail","7":"category-europe","8":"tag-actualites","9":"tag-etats-membres","10":"tag-eu","11":"tag-europe","12":"tag-european-union","13":"tag-fr","14":"tag-france","15":"tag-haute-mer","16":"tag-lunion-europeenne","17":"tag-mois-de-juin","18":"tag-news","19":"tag-republique-francaise","20":"tag-traite","21":"tag-ue","22":"tag-union-europeenne"},"share_on_mastodon":{"url":"https:\/\/pubeurope.com\/@fr\/114597042839917199","error":""},"_links":{"self":[{"href":"https:\/\/www.europesays.com\/fr\/wp-json\/wp\/v2\/posts\/139326","targetHints":{"allow":["GET"]}}],"collection":[{"href":"https:\/\/www.europesays.com\/fr\/wp-json\/wp\/v2\/posts"}],"about":[{"href":"https:\/\/www.europesays.com\/fr\/wp-json\/wp\/v2\/types\/post"}],"author":[{"embeddable":true,"href":"https:\/\/www.europesays.com\/fr\/wp-json\/wp\/v2\/users\/2"}],"replies":[{"embeddable":true,"href":"https:\/\/www.europesays.com\/fr\/wp-json\/wp\/v2\/comments?post=139326"}],"version-history":[{"count":0,"href":"https:\/\/www.europesays.com\/fr\/wp-json\/wp\/v2\/posts\/139326\/revisions"}],"wp:featuredmedia":[{"embeddable":true,"href":"https:\/\/www.europesays.com\/fr\/wp-json\/wp\/v2\/media\/139327"}],"wp:attachment":[{"href":"https:\/\/www.europesays.com\/fr\/wp-json\/wp\/v2\/media?parent=139326"}],"wp:term":[{"taxonomy":"category","embeddable":true,"href":"https:\/\/www.europesays.com\/fr\/wp-json\/wp\/v2\/categories?post=139326"},{"taxonomy":"post_tag","embeddable":true,"href":"https:\/\/www.europesays.com\/fr\/wp-json\/wp\/v2\/tags?post=139326"}],"curies":[{"name":"wp","href":"https:\/\/api.w.org\/{rel}","templated":true}]}}