{"id":13933,"date":"2025-04-10T01:22:11","date_gmt":"2025-04-10T01:22:11","guid":{"rendered":"https:\/\/www.europesays.com\/fr\/13933\/"},"modified":"2025-04-10T01:22:11","modified_gmt":"2025-04-10T01:22:11","slug":"la-chanteuse-gala-ruinee-malgre-le-succes-de-freed-from-desire","status":"publish","type":"post","link":"https:\/\/www.europesays.com\/fr\/13933\/","title":{"rendered":"La chanteuse Gala ruin\u00e9e malgr\u00e9 le succ\u00e8s de \u00ab Freed from Desire \u00bb"},"content":{"rendered":"<p><img decoding=\"async\" class=\"caas-img has-preview\" alt=\"Gala Rizzatto au Parc des Princes le 10 ao\u00fbt dernier avant la finale du tournoi olympique f\u00e9minin entre le Br\u00e9sil et les \u00c9tats-Unis.   - Credit:Oscar J Barroso\/AFP7\/Shutterstoc\/SIPA\" bad-src=\"https:\/\/www.europesays.com\/fr\/wp-content\/uploads\/2025\/04\/826f8ece07ad454587627d0c9b30d6be.jpeg\" src=\"https:\/\/www.europesays.com\/fr\/wp-content\/uploads\/2025\/04\/826f8ece07ad454587627d0c9b30d6be.jpeg\"\/><\/p>\n<p>Gala Rizzatto au Parc des Princes le 10 ao\u00fbt dernier avant la finale du tournoi olympique f\u00e9minin entre le Br\u00e9sil et les \u00c9tats-Unis. &#8211; Credit:Oscar J Barroso\/AFP7\/Shutterstoc\/SIPA<\/p>\n<p>Son tube est chant\u00e9 dans tous les stades et pourtant elle n&rsquo;a pas un sou vaillant\u2026 La chanteuse Gala, 49 ans, c\u00e9l\u00e8bre pour son tube \u00ab Freed from Desire \u00bb, repris <a data-i13n=\"cpos:1;pos:1\" href=\"https:\/\/www.lepoint.fr\/sport\/freed-from-desire-l-hymne-des-bleus-au-mondial-cartonne-a-nouveau-16-12-2022-2502052_26.php\" rel=\"nofollow noopener\" target=\"_blank\" data-ylk=\"slk:en ch\u0153ur par les fans de foot;cpos:1;pos:1;elm:context_link;itc:0;sec:content-canvas\" class=\"link \">en ch\u0153ur par les fans de foot<\/a> aussi bien que par la communaut\u00e9 LGBT, n&rsquo;a jamais touch\u00e9 l&rsquo;int\u00e9gralit\u00e9 des royalties qui lui revenaient de droit comme compositrice et interpr\u00e8te. La faute \u00e0 un mauvais contrat vite sign\u00e9 dans les ann\u00e9es 1990, qui l&rsquo;a emp\u00each\u00e9e de toucher le jackpot sur les 6 millions de disques \u00e9coul\u00e9s \u00e0 date\u2026<\/p>\n<p>\u00ab Je n&rsquo;ai pas de quoi m&rsquo;acheter un appartement, explique-t-elle <a data-i13n=\"cpos:2;pos:1\" href=\"https:\/\/www.parismatch.com\/People\/vol-de-freed-from-desire-gala-contre-attaque-dans-match-249799\" rel=\"nofollow noopener\" target=\"_blank\" data-ylk=\"slk:\u00e0 Paris Match;cpos:2;pos:1;elm:context_link;itc:0;sec:content-canvas\" class=\"link \">\u00e0 Paris Match<\/a>, qui lui consacre un long portrait. Je vis comme une nomade. Ces six derni\u00e8res semaines, j&rsquo;ai chang\u00e9 quatre fois d&rsquo;adresse ! \u00bb Selon le magazine, elle vit \u00e0 Brooklyn, \u00ab sans le sou \u00bb, logeant chez des amis ou dans des chambres d&rsquo;h\u00f4tel qu&rsquo;elle loue au dernier moment\u2026<\/p>\n<p>\u00c0 LIRE AUSSI <a data-i13n=\"cpos:3;pos:1\" href=\"https:\/\/www.lepoint.fr\/pop-culture\/comment-gala-tente-de-relancer-sa-carriere-15-02-2021-2413986_2920.php\" rel=\"nofollow noopener\" target=\"_blank\" data-ylk=\"slk:Comment Gala tente de relancer sa carri\u00e8re;cpos:3;pos:1;elm:context_link;itc:0;sec:content-canvas\" class=\"link \"><strong>Comment Gala tente de relancer sa carri\u00e8re<\/strong><\/a><\/p>\n<p>Rien ne pr\u00e9destinait l&rsquo;italienne Gala Rizzatto \u00e0 r\u00e9ussir dans la chanson. Au d\u00e9but des ann\u00e9es 1990, elle suit des \u00e9tudes de cin\u00e9ma, puis de photographie \u00e0 la New York University, se passionne pour la danse et croise un jour la route d&rsquo;un DJ italien, qui lui fait rencontrer le producteur milanais Max Moroldo. Elle sort un premier single, obtient un joli succ\u00e8s, jusqu&rsquo;au jour o\u00f9 elle compose \u00ab Freed from Desire \u00bb en une nuit, \u00e0 New York, une chanson qu&rsquo;elle d\u00e9finit dans Paris Match comme une ode \u00e0 la libert\u00e9 et \u00e0 la joie : \u00ab Je me suis toujours dit : \u201cSi tu ne suis pas ta passion, tu es mor [&#8230;] <a data-i13n=\"cpos:4;pos:1\" href=\"https:\/\/www.lepoint.fr\/musique\/la-chanteuse-gala-ruinee-malgre-le-succes-de-freed-from-desire-08-04-2025-2586792_38.php\" rel=\"nofollow noopener\" target=\"_blank\" data-ylk=\"slk:Lire la suite;cpos:4;pos:1;elm:context_link;itc:0;sec:content-canvas\" class=\"link \">Lire la suite<\/a><\/p>\n","protected":false},"excerpt":{"rendered":"Gala Rizzatto au Parc des Princes le 10 ao\u00fbt dernier avant la finale du tournoi olympique f\u00e9minin entre&hellip;\n","protected":false},"author":2,"featured_media":13934,"comment_status":"","ping_status":"","sticky":false,"template":"","format":"standard","meta":{"footnotes":""},"categories":[8],"tags":[58,59,1011,27,6143,6145,6144,6146],"class_list":{"0":"post-13933","1":"post","2":"type-post","3":"status-publish","4":"format-standard","5":"has-post-thumbnail","7":"category-divertissement","8":"tag-divertissement","9":"tag-entertainment","10":"tag-fr","11":"tag-france","12":"tag-freed-from-desire","13":"tag-gala","14":"tag-le-sou","15":"tag-son-tube"},"share_on_mastodon":{"url":"https:\/\/pubeurope.com\/@fr\/114311052868749050","error":""},"_links":{"self":[{"href":"https:\/\/www.europesays.com\/fr\/wp-json\/wp\/v2\/posts\/13933","targetHints":{"allow":["GET"]}}],"collection":[{"href":"https:\/\/www.europesays.com\/fr\/wp-json\/wp\/v2\/posts"}],"about":[{"href":"https:\/\/www.europesays.com\/fr\/wp-json\/wp\/v2\/types\/post"}],"author":[{"embeddable":true,"href":"https:\/\/www.europesays.com\/fr\/wp-json\/wp\/v2\/users\/2"}],"replies":[{"embeddable":true,"href":"https:\/\/www.europesays.com\/fr\/wp-json\/wp\/v2\/comments?post=13933"}],"version-history":[{"count":0,"href":"https:\/\/www.europesays.com\/fr\/wp-json\/wp\/v2\/posts\/13933\/revisions"}],"wp:featuredmedia":[{"embeddable":true,"href":"https:\/\/www.europesays.com\/fr\/wp-json\/wp\/v2\/media\/13934"}],"wp:attachment":[{"href":"https:\/\/www.europesays.com\/fr\/wp-json\/wp\/v2\/media?parent=13933"}],"wp:term":[{"taxonomy":"category","embeddable":true,"href":"https:\/\/www.europesays.com\/fr\/wp-json\/wp\/v2\/categories?post=13933"},{"taxonomy":"post_tag","embeddable":true,"href":"https:\/\/www.europesays.com\/fr\/wp-json\/wp\/v2\/tags?post=13933"}],"curies":[{"name":"wp","href":"https:\/\/api.w.org\/{rel}","templated":true}]}}