{"id":139336,"date":"2025-05-30T13:40:09","date_gmt":"2025-05-30T13:40:09","guid":{"rendered":"https:\/\/www.europesays.com\/fr\/139336\/"},"modified":"2025-05-30T13:40:09","modified_gmt":"2025-05-30T13:40:09","slug":"roland-garros-la-drole-de-revelation-de-fils-dans-les-vestiaires-quand-jai-fait-ma-pause-diallo-ma-dit-cest-ok-tu-peux-encore-tenir-5-heures-20-minutes-plus-tard-je-crampais","status":"publish","type":"post","link":"https:\/\/www.europesays.com\/fr\/139336\/","title":{"rendered":"Roland Garros > La dr\u00f4le de r\u00e9v\u00e9lation de Fils : \u00ab\u00a0Dans les vestiaires quand j&rsquo;ai fait ma pause, Diallo m&rsquo;a dit : \u00ab\u00a0c&rsquo;est ok tu peux encore tenir 5 heures\u00a0\u00bb, 20 minutes plus tard je crampais\u00a0\u00bb"},"content":{"rendered":"<p>Sur le plateau de Tennis Channel, les joueurs sont plus \u00e0 l\u2019aise qu\u2019en conf\u00e9\u00adrence de presse. Du coup, ils font souvent quelques r\u00e9v\u00e9\u00adla\u00adtions sur leur match. Arthur Fils n\u2019a pas d\u00e9rog\u00e9 \u00e0 la\u00a0r\u00e9gle.<\/p>\n<blockquote class=\"twitter-tweet\">\n<p lang=\"en\" dir=\"ltr\">Not the jinx to go 5 \ud83d\ude05\ud83d\ude02 <a href=\"https:\/\/twitter.com\/ArthurFils1?ref_src=twsrc%5Etfw\" data-wpel-link=\"external\" target=\"_blank\" rel=\"nofollow external noopener\">@ArthurFils1<\/a> | <a href=\"https:\/\/twitter.com\/hashtag\/RolandGarros?src=hash&amp;ref_src=twsrc%5Etfw\" data-wpel-link=\"external\" target=\"_blank\" rel=\"nofollow external noopener\">#RolandGarros<\/a> <a href=\"https:\/\/t.co\/hygMqQVIPa\" data-wpel-link=\"external\" target=\"_blank\" rel=\"nofollow external noopener\">pic.twitter.com\/hygMqQVIPa<\/a><\/p>\n<p>\u2014 Tennis Channel (@TennisChannel) <a href=\"https:\/\/twitter.com\/TennisChannel\/status\/1928199087490244969?ref_src=twsrc%5Etfw\" data-wpel-link=\"external\" target=\"_blank\" rel=\"nofollow external noopener\">May 29,\u00a02025<\/a><\/p><\/blockquote>\n<p>Il explique que lors de sa pause, il a crois\u00e9 Diallo dans les vestiaires. Le Canadien a encou\u00adrag\u00e9 le Triclore en ui expli\u00adquant qu\u2019il fallait pas qu\u2019il se fasse trop de soucis que tout allait bien se pass\u00e9 que physi\u00adque\u00adment il pouvait tenir encore 4 heures.<\/p>\n<p><strong>\u00ab\u202fDans les vestiaires quand j\u2019ai fait ma pause, Diallo m\u2019a dit\u00a0: c\u2019est ok tu peux encore tenir 5 heures. Juste apr\u00e8s mon coach qui m\u2019ame\u00adnait mes bois\u00adsons m\u2019a demand\u00e9 ce qu\u2019lil se passait, je lui ai dit\u00a0: Diallo m\u2019a dit que je peux tenir 5 heures encore, le probl\u00e8me c\u2019et que 20\u202fminutes plus tard je crampais\u202f\u00bb<\/strong><\/p>\n<p class=\"post-published-date\" style=\"color: silver; font-size: 75%; text-align: left;\">Publi\u00e9 le vendredi 30 mai 2025 \u00e0 10:15<\/p>\n<p><script async src=\"https:\/\/platform.twitter.com\/widgets.js\" charset=\"utf-8\"><\/script><\/p>\n","protected":false},"excerpt":{"rendered":"Sur le plateau de Tennis Channel, les joueurs sont plus \u00e0 l\u2019aise qu\u2019en conf\u00e9\u00adrence de presse. Du coup,&hellip;\n","protected":false},"author":2,"featured_media":139337,"comment_status":"","ping_status":"","sticky":false,"template":"","format":"standard","meta":{"footnotes":""},"categories":[1415],"tags":[3768,1011,27,60,1467],"class_list":{"0":"post-139336","1":"post","2":"type-post","3":"status-publish","4":"format-standard","5":"has-post-thumbnail","7":"category-tennis","8":"tag-arthur-fils","9":"tag-fr","10":"tag-france","11":"tag-sports","12":"tag-tennis"},"share_on_mastodon":{"url":"https:\/\/pubeurope.com\/@fr\/114597070320369720","error":""},"_links":{"self":[{"href":"https:\/\/www.europesays.com\/fr\/wp-json\/wp\/v2\/posts\/139336","targetHints":{"allow":["GET"]}}],"collection":[{"href":"https:\/\/www.europesays.com\/fr\/wp-json\/wp\/v2\/posts"}],"about":[{"href":"https:\/\/www.europesays.com\/fr\/wp-json\/wp\/v2\/types\/post"}],"author":[{"embeddable":true,"href":"https:\/\/www.europesays.com\/fr\/wp-json\/wp\/v2\/users\/2"}],"replies":[{"embeddable":true,"href":"https:\/\/www.europesays.com\/fr\/wp-json\/wp\/v2\/comments?post=139336"}],"version-history":[{"count":0,"href":"https:\/\/www.europesays.com\/fr\/wp-json\/wp\/v2\/posts\/139336\/revisions"}],"wp:featuredmedia":[{"embeddable":true,"href":"https:\/\/www.europesays.com\/fr\/wp-json\/wp\/v2\/media\/139337"}],"wp:attachment":[{"href":"https:\/\/www.europesays.com\/fr\/wp-json\/wp\/v2\/media?parent=139336"}],"wp:term":[{"taxonomy":"category","embeddable":true,"href":"https:\/\/www.europesays.com\/fr\/wp-json\/wp\/v2\/categories?post=139336"},{"taxonomy":"post_tag","embeddable":true,"href":"https:\/\/www.europesays.com\/fr\/wp-json\/wp\/v2\/tags?post=139336"}],"curies":[{"name":"wp","href":"https:\/\/api.w.org\/{rel}","templated":true}]}}