{"id":139355,"date":"2025-05-30T13:51:10","date_gmt":"2025-05-30T13:51:10","guid":{"rendered":"https:\/\/www.europesays.com\/fr\/139355\/"},"modified":"2025-05-30T13:51:10","modified_gmt":"2025-05-30T13:51:10","slug":"ce-film-x-men-que-tout-le-monde-attendait-est-enfin-en-route","status":"publish","type":"post","link":"https:\/\/www.europesays.com\/fr\/139355\/","title":{"rendered":"Ce film X-Men que tout le monde attendait est (enfin) en route"},"content":{"rendered":"<p>L\u2019apr\u00e8s Secret Wars est un myst\u00e8re. Si Kevin Feige a partag\u00e9 le programme des r\u00e9jouissances pour les deux prochaines ann\u00e9es, il n\u2019est pas tr\u00e8s charg\u00e9, le patron de Marvel Studios se garde bien d\u2019en dire plus sur l\u2019apr\u00e8s Avengers 6. Il faut dire que, comme Endgame, Secret Wars promet de rebattre les cartes et de faire quelques victimes au sein de l\u2019\u00e9quipe historique. Selon Deadline, pourtant, un groupe de superh\u00e9ros compte parmi les priorit\u00e9s du g\u00e9ant du divertissement. Les spectateurs attendaient leur retour depuis le rachat de la Fox par Disney en 2019.<\/p>\n<p>Deadpool &amp; Wolverine n\u2019\u00e9tait que le d\u00e9but, les X-Men sont en route pour le MCU. Une partie des h\u00e9ros a \u00e9t\u00e9 convi\u00e9e \u00e0 la distribution de <a href=\"https:\/\/www.journaldugeek.com\/2025\/05\/23\/catastrophe-disney-reporte-avengers-doomsday-et-secret-wars\/\" rel=\"nofollow noopener\" target=\"_blank\">Doomsday<\/a>, Kelsey Grammer, Ian McKellen, James Marsden et Patrick Stewart reprendront leurs r\u00f4les apr\u00e8s plusieurs d\u00e9cennies d\u2019absence. Il paraissait \u00e9vident que les h\u00e9ros auraient plus tard droit \u00e0 leur film solo, sans que la nouvelle ne soit jamais rendue officielle. Deadline apporte des informations plut\u00f4t rassurantes. Marvel a un r\u00e9alisateur dans le viseur et les discussions ont commenc\u00e9.<\/p>\n<p> Une nouvelle \u00e9quipe <\/p>\n<p>Si le film risque d\u2019\u00eatre un \u00e9chec commercial de plus pour la Maison des Id\u00e9es,<a href=\"https:\/\/www.journaldugeek.com\/critique\/critique-thunderbolts-le-film-marvel-qui-redonne-envie-de-voir-les-prochains\/\" rel=\"nofollow noopener\" target=\"_blank\"> Thunderbolts*<\/a> peut au moins jouir d\u2019une excellente r\u00e9putation aupr\u00e8s des spectateurs et de la presse. Le film consacr\u00e9 \u00e0 Yelena, Bucky, Red Guardian ou encore Bob a profit\u00e9 de la solide mise en sc\u00e8ne de Jake Schreier pour s\u2019illustrer comme un retour aux sources pour la licence en difficult\u00e9. Ce succ\u00e8s d\u2019estime n\u2019est pas tomb\u00e9 dans l\u2019oreille d\u2019un sourd, puisque Marvel envisagerait de lui confier la mise en sc\u00e8ne de son projet X-Men.\u00a0Selon les sources interrog\u00e9es par Deadline, Schreier serait <strong>en pourparlers<\/strong> pour r\u00e9aliser cette r\u00e9union esp\u00e9r\u00e9e depuis longtemps.<\/p>\n<p>Si le processus n\u2019est pas encore enclench\u00e9, il se dit que le metteur en sc\u00e8ne est le \u201ccandidat id\u00e9al pour l\u2019un des films les plus attendus du studio\u201d.\u00a0Son film d\u2019\u00e9quipe fait office de d\u00e9monstration de son talent pour les r\u00e9cits choraux, une qualit\u00e9 n\u00e9cessaire pour se consacrer aux mutants du Professeur Xavier.<\/p>\n<p>Le sc\u00e9nario aurait d\u00e9j\u00e0 \u00e9t\u00e9 \u00e9crit par Michael Lesslie. Le sc\u00e9nariste britannique signerait sa premi\u00e8re collaboration avec la Maison des Id\u00e9es. Ce n\u2019est en revanche pas la premi\u00e8re fois qu\u2019il s\u2019invite \u00e0 Hollywood, puisqu\u2019il a co\u00e9crit l\u2019adaptation de Hunger Games\u00a0: la Ballade du Serpent et de l\u2019oiseau chanteur en 2023.<\/p>\n<p>Pour l\u2019heure, aucun nom d\u2019acteur ou d\u2019actrice est associ\u00e9 au projet. On ne sait pas si Marvel entend faire revenir les h\u00e9ros d\u00e9velopp\u00e9s chez la Fox au d\u00e9but des ann\u00e9es 2000 ou si l\u2019entreprise misera sur de nouveaux interpr\u00e8tes pour un nouveau d\u00e9part. C\u2019\u00e9tait d\u00e9j\u00e0 la strat\u00e9gie de Feige avec les <a href=\"https:\/\/www.journaldugeek.com\/dossier\/les-quatre-fantastiques-personnage-mysterieux-galactus-ce-quil-faut-comprendre-du-teaser\/\" rel=\"nofollow noopener\" target=\"_blank\">Quatre Fantastiques<\/a>. Apr\u00e8s deux films sous l\u2019\u00e9gide de Tim Story, et un reboot r\u00e9alis\u00e9 par Josh Trank, la famille de superh\u00e9ros est entre les mains de Matt Shakman. Pedro Pascal, Vanessa Kirby, Joseph Quinn et Ebon Moss-Bachrach sont les nouveaux Reed Richard, Susan et Johnny Storm et Ben Grimm.<\/p>\n<blockquote>\n<p class=\"text-base text-neutral-700 dark:text-neutral-300\">\ud83d\udfe3 Pour ne manquer aucune news sur le Journal du Geek, abonnez-vous sur <a href=\"https:\/\/news.google.com\/publications\/CAAqBwgKMNr_hAswwYyCAw?hl=fr&amp;gl=FR&amp;ceid=FR%3Afr\" target=\"_blank\" rel=\"nofollow noopener\">Google Actualit\u00e9s<\/a> et sur <a href=\"https:\/\/whatsapp.com\/channel\/0029VaClM5y4tRry12tb7D2h\" target=\"_blank\" rel=\"nofollow noopener\">notre WhatsApp<\/a>. Et si vous nous adorez, on a <a href=\"https:\/\/www.journaldugeek.com\/newsletter\/\" target=\"_blank\" rel=\"nofollow noopener\">une newsletter tous les matins<\/a>.<\/p>\n<\/blockquote>\n","protected":false},"excerpt":{"rendered":"L\u2019apr\u00e8s Secret Wars est un myst\u00e8re. Si Kevin Feige a partag\u00e9 le programme des r\u00e9jouissances pour les deux&hellip;\n","protected":false},"author":2,"featured_media":139356,"comment_status":"","ping_status":"","sticky":false,"template":"","format":"standard","meta":{"footnotes":""},"categories":[1354],"tags":[650,58,59,1346,1011,27,2135,1360,26589],"class_list":{"0":"post-139355","1":"post","2":"type-post","3":"status-publish","4":"format-standard","5":"has-post-thumbnail","7":"category-films","8":"tag-cinema","9":"tag-divertissement","10":"tag-entertainment","11":"tag-films","12":"tag-fr","13":"tag-france","14":"tag-marvel","15":"tag-movies","16":"tag-x-men"},"share_on_mastodon":{"url":"https:\/\/pubeurope.com\/@fr\/114597113661940421","error":""},"_links":{"self":[{"href":"https:\/\/www.europesays.com\/fr\/wp-json\/wp\/v2\/posts\/139355","targetHints":{"allow":["GET"]}}],"collection":[{"href":"https:\/\/www.europesays.com\/fr\/wp-json\/wp\/v2\/posts"}],"about":[{"href":"https:\/\/www.europesays.com\/fr\/wp-json\/wp\/v2\/types\/post"}],"author":[{"embeddable":true,"href":"https:\/\/www.europesays.com\/fr\/wp-json\/wp\/v2\/users\/2"}],"replies":[{"embeddable":true,"href":"https:\/\/www.europesays.com\/fr\/wp-json\/wp\/v2\/comments?post=139355"}],"version-history":[{"count":0,"href":"https:\/\/www.europesays.com\/fr\/wp-json\/wp\/v2\/posts\/139355\/revisions"}],"wp:featuredmedia":[{"embeddable":true,"href":"https:\/\/www.europesays.com\/fr\/wp-json\/wp\/v2\/media\/139356"}],"wp:attachment":[{"href":"https:\/\/www.europesays.com\/fr\/wp-json\/wp\/v2\/media?parent=139355"}],"wp:term":[{"taxonomy":"category","embeddable":true,"href":"https:\/\/www.europesays.com\/fr\/wp-json\/wp\/v2\/categories?post=139355"},{"taxonomy":"post_tag","embeddable":true,"href":"https:\/\/www.europesays.com\/fr\/wp-json\/wp\/v2\/tags?post=139355"}],"curies":[{"name":"wp","href":"https:\/\/api.w.org\/{rel}","templated":true}]}}