{"id":139369,"date":"2025-05-30T13:58:11","date_gmt":"2025-05-30T13:58:11","guid":{"rendered":"https:\/\/www.europesays.com\/fr\/139369\/"},"modified":"2025-05-30T13:58:11","modified_gmt":"2025-05-30T13:58:11","slug":"naissances-soins-precarite-la-france-parmi-les-plus-mal-classes-en-europe","status":"publish","type":"post","link":"https:\/\/www.europesays.com\/fr\/139369\/","title":{"rendered":"Naissances, soins, pr\u00e9carit\u00e9 : la France parmi les plus mal class\u00e9s en Europe"},"content":{"rendered":"<p>\t\t\t\t\t Une progression continue depuis une d\u00e9cennie<\/p>\n<p data-start=\"889\" data-end=\"1201\">En 2023, <strong data-start=\"898\" data-end=\"994\">le taux de mortalit\u00e9 infantile en France atteignait 3,9 d\u00e9c\u00e8s pour 1 000 naissances vivantes<\/strong>, contre 3,5 en 2010. Cela repr\u00e9sente environ <strong data-start=\"1040\" data-end=\"1095\">2 400 b\u00e9b\u00e9s d\u00e9c\u00e9d\u00e9s avant leur premier anniversaire<\/strong> en une seule ann\u00e9e. Par comparaison, ce taux est <strong data-start=\"1145\" data-end=\"1200\">de 2,6 en Espagne, 2,5 en Allemagne et 2,1 en Su\u00e8de<\/strong>.<\/p>\n<p data-start=\"1203\" data-end=\"1581\">La France se classe ainsi <strong data-start=\"1229\" data-end=\"1276\">parmi les derniers pays d\u2019Europe de l\u2019Ouest<\/strong>, une position qu\u2019elle occupait d\u00e9j\u00e0 en 2021 mais qui se confirme et s\u2019aggrave. L\u2019\u00e9tude de l\u2019INED pointe une <strong data-start=\"1385\" data-end=\"1438\">hausse significative des d\u00e9c\u00e8s n\u00e9onatals pr\u00e9coces<\/strong> (survenant dans les 7 premiers jours), souvent li\u00e9s \u00e0 des complications lors de l\u2019accouchement ou \u00e0 une prise en charge m\u00e9dicale insuffisante.<\/p>\n<p>Des facteurs multiples, mais un constat partag\u00e9<\/p>\n<p data-start=\"1635\" data-end=\"1699\">Plusieurs causes se combinent pour expliquer cette d\u00e9gradation :<\/p>\n<ul data-start=\"1701\" data-end=\"2299\">\n<li data-start=\"1701\" data-end=\"1881\"><strong data-start=\"1703\" data-end=\"1769\">Le sous-investissement chronique dans les maternit\u00e9s publiques<\/strong>, avec des fermetures de services, des sous-effectifs, et des accouchements dans des conditions parfois tendues.<\/li>\n<li data-start=\"1701\" data-end=\"1881\"><strong data-start=\"1884\" data-end=\"1924\">La mont\u00e9e de la pr\u00e9carit\u00e9 maternelle<\/strong>, notamment chez les femmes jeunes, migrantes ou isol\u00e9es, qui ont moins acc\u00e8s \u00e0 un suivi r\u00e9gulier pendant la grossesse.<\/li>\n<li data-start=\"1701\" data-end=\"1881\"><strong data-start=\"2046\" data-end=\"2098\">Un syst\u00e8me de soins in\u00e9gal selon les territoires<\/strong>, avec une d\u00e9sertification m\u00e9dicale croissante dans les zones rurales ou certaines banlieues.<\/li>\n<li data-start=\"1701\" data-end=\"1881\"><strong data-start=\"2194\" data-end=\"2240\">Le vieillissement de l\u2019\u00e2ge moyen des m\u00e8res<\/strong>, qui augmente m\u00e9caniquement certains risques obst\u00e9tricaux.<\/li>\n<\/ul>\n<p data-start=\"2301\" data-end=\"2551\">L\u2019INED \u00e9voque \u00e9galement un <strong data-start=\"2328\" data-end=\"2387\">d\u00e9faut de continuit\u00e9 dans la prise en charge postnatale<\/strong>, avec des sorties de maternit\u00e9 parfois pr\u00e9coces et un suivi insuffisant les premi\u00e8res semaines, p\u00e9riode pourtant cruciale pour la d\u00e9tection des troubles n\u00e9onataux.<\/p>\n<p> Des disparit\u00e9s g\u00e9ographiques et sociales marqu\u00e9es<\/p>\n<p data-start=\"2607\" data-end=\"2884\">Tous les nouveau-n\u00e9s ne sont pas expos\u00e9s au m\u00eame risque. L\u2019\u00e9tude montre que <strong data-start=\"2683\" data-end=\"2807\">les d\u00e9partements les plus pauvres affichent un taux de mortalit\u00e9 infantile sup\u00e9rieur de 30 \u00e0 50 % \u00e0 la moyenne nationale<\/strong>. La Seine-Saint-Denis, le Nord et la Guyane figurent parmi les plus touch\u00e9s.<\/p>\n<p data-start=\"2886\" data-end=\"3179\">De m\u00eame, <strong data-start=\"2895\" data-end=\"2993\">les enfants n\u00e9s de m\u00e8res immigr\u00e9es, en situation pr\u00e9caire ou sans couverture m\u00e9dicale compl\u00e8te<\/strong>, sont plus \u00e0 risque, notamment faute d\u2019un suivi pr\u00e9natal adapt\u00e9. Ces in\u00e9galit\u00e9s ne sont pas nouvelles, mais elles <strong data-start=\"3108\" data-end=\"3178\">s\u2019accentuent avec la d\u00e9gradation des services publics de proximit\u00e9<\/strong>.<\/p>\n<p> Comparaison des taux de mortalit\u00e9 infantile en Europe (2023 \u2013 donn\u00e9es Eurostat et INED)<\/p>\n<tr data-start=\"3278\" data-end=\"3402\">\n<strong data-start=\"3280\" data-end=\"3288\">Pays<\/strong><br \/>\n<strong data-start=\"3301\" data-end=\"3365\">Taux de mortalit\u00e9 infantile (pour 1 000 naissances vivantes)<\/strong><br \/>\n<strong data-start=\"3368\" data-end=\"3392\">Tendance depuis 2010<\/strong><br \/>\n<\/tr>\n<tr data-start=\"3524\" data-end=\"3644\">\n<td data-start=\"3524\" data-end=\"3545\" data-col-size=\"sm\">Su\u00e8de<\/td>\n<td data-start=\"3545\" data-end=\"3608\" data-col-size=\"md\">2,1<\/td>\n<td data-start=\"3608\" data-end=\"3644\" data-col-size=\"sm\">Stable<\/td>\n<\/tr>\n<tr data-start=\"3645\" data-end=\"3765\">\n<td data-start=\"3645\" data-end=\"3666\" data-col-size=\"sm\">Allemagne<\/td>\n<td data-start=\"3666\" data-end=\"3729\" data-col-size=\"md\">2,5<\/td>\n<td data-start=\"3729\" data-end=\"3765\" data-col-size=\"sm\">En l\u00e9g\u00e8re baisse<\/td>\n<\/tr>\n<tr data-start=\"3766\" data-end=\"3886\">\n<td data-start=\"3766\" data-end=\"3787\" data-col-size=\"sm\">Espagne<\/td>\n<td data-col-size=\"md\" data-start=\"3787\" data-end=\"3850\">2,6<\/td>\n<td data-col-size=\"sm\" data-start=\"3850\" data-end=\"3886\">Stable<\/td>\n<\/tr>\n<tr data-start=\"3887\" data-end=\"4007\">\n<td data-start=\"3887\" data-end=\"3908\" data-col-size=\"sm\">Italie<\/td>\n<td data-col-size=\"md\" data-start=\"3908\" data-end=\"3971\">2,8<\/td>\n<td data-col-size=\"sm\" data-start=\"3971\" data-end=\"4007\">En l\u00e9g\u00e8re baisse<\/td>\n<\/tr>\n<tr data-start=\"4008\" data-end=\"4128\">\n<td data-start=\"4008\" data-end=\"4029\" data-col-size=\"sm\">Belgique<\/td>\n<td data-col-size=\"md\" data-start=\"4029\" data-end=\"4092\">3,1<\/td>\n<td data-col-size=\"sm\" data-start=\"4092\" data-end=\"4128\">Stable<\/td>\n<\/tr>\n<tr data-start=\"4129\" data-end=\"4249\">\n<td data-start=\"4129\" data-end=\"4150\" data-col-size=\"sm\"><strong data-start=\"4131\" data-end=\"4141\">France<\/strong><\/td>\n<td data-col-size=\"md\" data-start=\"4150\" data-end=\"4213\"><strong data-start=\"4152\" data-end=\"4159\">3,9<\/strong><\/td>\n<td data-col-size=\"sm\" data-start=\"4213\" data-end=\"4249\"><strong data-start=\"4215\" data-end=\"4237\">En hausse continue<\/strong><\/td>\n<\/tr>\n<tr data-start=\"4250\" data-end=\"4370\">\n<td data-start=\"4250\" data-end=\"4271\" data-col-size=\"sm\">Hongrie<\/td>\n<td data-start=\"4271\" data-end=\"4334\" data-col-size=\"md\">4,3<\/td>\n<td data-col-size=\"sm\" data-start=\"4334\" data-end=\"4370\">En baisse<\/td>\n<\/tr>\n<tr data-start=\"4371\" data-end=\"4491\">\n<td data-start=\"4371\" data-end=\"4392\" data-col-size=\"sm\">Roumanie<\/td>\n<td data-start=\"4392\" data-end=\"4455\" data-col-size=\"md\">5,6<\/td>\n<td data-col-size=\"sm\" data-start=\"4455\" data-end=\"4491\">En forte baisse depuis 2010<\/td>\n<\/tr>\n<p> Une alerte que les professionnels de sant\u00e9 r\u00e9p\u00e8tent depuis des ann\u00e9es<\/p>\n<p data-start=\"4572\" data-end=\"4707\">Les sages-femmes, obst\u00e9triciens, pu\u00e9riculteurs et p\u00e9diatres <strong data-start=\"4632\" data-end=\"4680\">tirent la sonnette d\u2019alarme depuis longtemps<\/strong>. Ils d\u00e9noncent notamment :<\/p>\n<ul data-start=\"4709\" data-end=\"4952\">\n<li data-start=\"4709\" data-end=\"4762\"><strong data-start=\"4711\" data-end=\"4761\">Le manque de lits en maternit\u00e9 et n\u00e9onatalogie<\/strong>.<\/li>\n<li data-start=\"4709\" data-end=\"4762\"><strong data-start=\"4765\" data-end=\"4803\">L\u2019\u00e9puisement du personnel soignant<\/strong>, confront\u00e9 \u00e0 des rythmes incompatibles avec un suivi individualis\u00e9.<\/li>\n<li data-start=\"4709\" data-end=\"4762\"><strong data-start=\"4874\" data-end=\"4916\">La pr\u00e9carisation des parcours de soins<\/strong> dans les premi\u00e8res semaines de vie.<\/li>\n<\/ul>\n<p data-start=\"4954\" data-end=\"5211\">La situation est d\u2019autant plus paradoxale que <strong data-start=\"5000\" data-end=\"5068\">la France dispose encore de solides structures de sant\u00e9 publique<\/strong>, mais leur maillage se d\u00e9t\u00e9riore : <strong data-start=\"5104\" data-end=\"5211\">fermetures de maternit\u00e9s de proximit\u00e9, p\u00e9nurie de m\u00e9decins g\u00e9n\u00e9ralistes, acc\u00e8s in\u00e9gal aux sp\u00e9cialistes.<\/strong><\/p>\n<p> Vers une r\u00e9forme de la p\u00e9rinatalit\u00e9 ?<\/p>\n<p data-start=\"5255\" data-end=\"5573\">Le gouvernement a annonc\u00e9 \u00e0 l\u2019automne 2024 une <strong data-start=\"5302\" data-end=\"5353\">mission d\u2019\u00e9valuation du syst\u00e8me de p\u00e9rinatalit\u00e9<\/strong>, confi\u00e9e \u00e0 la Haute Autorit\u00e9 de sant\u00e9 (HAS). Parmi les pistes \u00e9voqu\u00e9es : renforcer les moyens humains, faciliter le suivi des grossesses \u00e0 risque, et am\u00e9liorer l\u2019accueil postnatal des familles en situation de fragilit\u00e9.<\/p>\n<p data-start=\"5575\" data-end=\"5797\">Mais <strong data-start=\"5580\" data-end=\"5633\">aucune mesure concr\u00e8te n\u2019a encore \u00e9t\u00e9 g\u00e9n\u00e9ralis\u00e9e<\/strong>, et les professionnels de terrain s\u2019impatientent. Pour eux, <strong data-start=\"5694\" data-end=\"5716\">chaque mois compte<\/strong>, et <strong data-start=\"5721\" data-end=\"5797\">chaque point de taux en plus correspond \u00e0 des centaines de vies perdues.<\/strong><\/p>\n<p>Derri\u00e8re les chiffres, un enjeu de soci\u00e9t\u00e9<\/p>\n<p data-start=\"5846\" data-end=\"6172\">La mortalit\u00e9 infantile n\u2019est pas qu\u2019un indicateur m\u00e9dical. <strong data-start=\"5905\" data-end=\"6050\">Elle refl\u00e8te l\u2019\u00e9tat de la soci\u00e9t\u00e9, la qualit\u00e9 de ses services publics, et sa capacit\u00e9 \u00e0 prot\u00e9ger les plus vuln\u00e9rables d\u00e8s le d\u00e9but de la vie.<\/strong> Que la France recule sur ce terrain devrait \u00eatre <strong data-start=\"6100\" data-end=\"6129\">un signal d\u2019alerte majeur<\/strong>, bien au-del\u00e0 du seul domaine de la sant\u00e9.<\/p>\n<p data-start=\"6174\" data-end=\"6350\" data-is-last-node=\"\" data-is-only-node=\"\"><strong data-start=\"6174\" data-end=\"6279\">Pr\u00e9server la vie des nouveau-n\u00e9s, c\u2019est d\u2019abord investir dans la dignit\u00e9, l\u2019\u00e9galit\u00e9 et la pr\u00e9vention.<\/strong> Et aujourd\u2019hui, selon les experts, la France n\u2019en prend pas le chemin.<\/p>\n","protected":false},"excerpt":{"rendered":"Une progression continue depuis une d\u00e9cennie En 2023, le taux de mortalit\u00e9 infantile en France atteignait 3,9 d\u00e9c\u00e8s&hellip;\n","protected":false},"author":2,"featured_media":139370,"comment_status":"","ping_status":"","sticky":false,"template":"","format":"standard","meta":{"footnotes":""},"categories":[4],"tags":[11,1011,27,26607,25924,26608,12,56,25],"class_list":{"0":"post-139369","1":"post","2":"type-post","3":"status-publish","4":"format-standard","5":"has-post-thumbnail","7":"category-france","8":"tag-actualites","9":"tag-fr","10":"tag-france","11":"tag-has","12":"tag-haute-autorite-de-sante","13":"tag-natalite","14":"tag-news","15":"tag-push","16":"tag-republique-francaise"},"share_on_mastodon":{"url":"https:\/\/pubeurope.com\/@fr\/114597141072843947","error":""},"_links":{"self":[{"href":"https:\/\/www.europesays.com\/fr\/wp-json\/wp\/v2\/posts\/139369","targetHints":{"allow":["GET"]}}],"collection":[{"href":"https:\/\/www.europesays.com\/fr\/wp-json\/wp\/v2\/posts"}],"about":[{"href":"https:\/\/www.europesays.com\/fr\/wp-json\/wp\/v2\/types\/post"}],"author":[{"embeddable":true,"href":"https:\/\/www.europesays.com\/fr\/wp-json\/wp\/v2\/users\/2"}],"replies":[{"embeddable":true,"href":"https:\/\/www.europesays.com\/fr\/wp-json\/wp\/v2\/comments?post=139369"}],"version-history":[{"count":0,"href":"https:\/\/www.europesays.com\/fr\/wp-json\/wp\/v2\/posts\/139369\/revisions"}],"wp:featuredmedia":[{"embeddable":true,"href":"https:\/\/www.europesays.com\/fr\/wp-json\/wp\/v2\/media\/139370"}],"wp:attachment":[{"href":"https:\/\/www.europesays.com\/fr\/wp-json\/wp\/v2\/media?parent=139369"}],"wp:term":[{"taxonomy":"category","embeddable":true,"href":"https:\/\/www.europesays.com\/fr\/wp-json\/wp\/v2\/categories?post=139369"},{"taxonomy":"post_tag","embeddable":true,"href":"https:\/\/www.europesays.com\/fr\/wp-json\/wp\/v2\/tags?post=139369"}],"curies":[{"name":"wp","href":"https:\/\/api.w.org\/{rel}","templated":true}]}}