{"id":139371,"date":"2025-05-30T13:59:09","date_gmt":"2025-05-30T13:59:09","guid":{"rendered":"https:\/\/www.europesays.com\/fr\/139371\/"},"modified":"2025-05-30T13:59:09","modified_gmt":"2025-05-30T13:59:09","slug":"deschamps-et-les-bleus-prives-de-mbappe-et-tchouameni-jusqua-lundi","status":"publish","type":"post","link":"https:\/\/www.europesays.com\/fr\/139371\/","title":{"rendered":"Deschamps et les Bleus priv\u00e9s de Mbapp\u00e9 et Tchouam\u00e9ni jusqu\u2019\u00e0 lundi"},"content":{"rendered":"<p>Le s\u00e9lectionneur des Bleus a regrett\u00e9 l\u2019absence de son capitaine et vice-capitaine pour le d\u00e9but du stade de l\u2019\u00e9quipe de France en vue de la demi-finale de Ligue des nations contre l\u2019Espagne.<\/p>\n<p class=\"fig-paragraph\">\u00c0 Clairefontaine<\/p>\n<p class=\"fig-paragraph\">Depuis l\u2019annonce de<a href=\"http:\/\/www.lefigaro.fr\/sports\/football\/ligue-des-nations\/ligue-des-nations-rayan-cherki-dans-le-groupe-elargi-de-didier-deschamps-20250521\" target=\"_blank\" data-fig-type=\"NewsFlash\" rel=\"noopener nofollow\" data-gtm-custom-categorie=\"navigation\" data-gtm-custom-action=\"crossclick\" data-gtm-custom-label=\"Contextuel\" data-gtm-event=\"customEventSPE\" data-fig-domain=\"LEFIGARO\">\u00a0sa liste pour le Final Four de Ligue des Nations\u00a0<\/a>mercredi dernier et cette demi-finale contre l\u2019Espagne (5 juin), Didier Deschamps a tout tent\u00e9 pour faire infl\u00e9chir le Real Madrid. Sans succ\u00e8s. Ce vendredi midi, quinze joueurs ont d\u00e9barqu\u00e9 \u00e0 Clairefontaine pour d\u00e9buter la pr\u00e9paration dans l\u2019intimit\u00e9 du Ch\u00e2teau.<\/p>\n<p class=\"fig-paragraph\">\u00c0 ce petit groupe manquent les sept finalistes de la Ligue des champions (Hernandez, Za\u00efre-Emery, Dou\u00e9, Barcola, Demb\u00e9l\u00e9 c\u00f4t\u00e9 parisien et Pavard, Thuram c\u00f4t\u00e9 milanais), mais aussi Malo Gusto, vainqueur de la Ligue Europa Conf\u00e9rence avec Chelsea qui d\u00e9barquera samedi et surtout Kylian Mbapp\u00e9 et Aur\u00e9lien Tchouam\u00e9ni, en vacances, mais contraints par leur club de venir \u00e0 Clairefontaine que lundi midi. Une situation qui a pu agacer Deschamps en priv\u00e9. Face au micro \u00abDD\u00bb a ma\u00eetris\u00e9 sa communication.<\/p>\n<p class=\"fig-body-link\">\n            \u00c0 lire aussi<br \/>\n        <a class=\"fig-body-link__link fig-premium-mark\" href=\"http:\/\/www.lefigaro.fr\/sports\/football\/ligue-des-nations\/art-de-la-langue-de-bois-mesentente-avec-zidane-victoire-au-detriment-du-beau-jeu-didier-deschamps-casse-ces-cliches-20250322\" data-fig-type=\"Article\" data-gtm-custom-categorie=\"navigation\" data-gtm-custom-action=\"crossclick\" data-gtm-custom-label=\"Contextuel\" data-gtm-event=\"customEventSPE\" data-fig-domain=\"LEFIGARO\" rel=\"nofollow noopener\" target=\"_blank\">Art de la langue de bois, m\u00e9sentente avec Zidane, victoire au d\u00e9triment du beau jeu&#8230; Didier Deschamps casse ces clich\u00e9s<br \/>\n    <\/a>\n<\/p>\n<p class=\"fig-paragraph\">\u00abCela ne date pas d\u2019aujourd\u2019hui, avoue le s\u00e9lectionneur sur la pr\u00e9paration tronqu\u00e9e. Les ann\u00e9es impaires ont toujours \u00e9t\u00e9 compliqu\u00e9es avec l\u2019arr\u00eat des championnats et les coupes d\u2019Europe. Ce qui fait loi et foi, ce sont les dates Fifa.\u00bb Le s\u00e9lectionneur des Bleus ne cache pas une forme de r\u00e9signation face \u00e0 un combat perdu d\u2019avance avec la possibilit\u00e9 des clubs de lib\u00e9rer leurs joueurs que le 2 juin, soit lundi. Ce que le Real Madrid a fait. \u00abLes clubs d\u00e9cident, d\u2019o\u00f9 le ma\u00eetre mot qui revient\u00a0: s\u2019adapter. Il n\u2019y aura pas beaucoup de temps de pr\u00e9paration mais c\u2019est valable pour nos adversaires.\u00bb<\/p>\n<p>\u00abKylian (Mbapp\u00e9) et Aur\u00e9lien (Tchouam\u00e9ni) voulaient arriver avec l\u2019ensemble du groupe\u00bb<\/p>\n<p class=\"fig-paragraph\">Sur le cas des deux Madril\u00e8nes retenus, Kylian Mbapp\u00e9 et Aur\u00e9lien Tchouam\u00e9ni, le champion du monde 2018 en dit un peu plus. Eux souhaitaient venir. Pas leur club. Fin de la discussion. Malgr\u00e9 tout, selon nos informations, le staff des Bleus a tent\u00e9 jusqu\u2019\u00e0 peu de changer la donne. Pas suffisant. \u00abIl y a la volont\u00e9 des deux joueurs de venir aujourd\u2019hui (vendredi) mais l\u2019employeur a la date Fifa pour lui, explique Deschamps. Ce n\u2019est pas \u00eatre r\u00e9sign\u00e9, la fen\u00eatre de lib\u00e9ration des joueurs est l\u00e0. Je ne veux pas mettre les joueurs en difficult\u00e9 par rapport \u00e0 leur club aussi. Kylian et Aur\u00e9lien voulaient arriver avec l\u2019ensemble du groupe, mais c\u2019est comme \u00e7a.\u00bb<\/p>\n<p class=\"fig-paragraph\">L\u2019\u00e9quipe de France est donc priv\u00e9e de son capitaine et vice-capitaine jusqu\u2019\u00e0 lundi avant d\u2019affronter l\u2019Espagne jeudi en Ligue des nations. Ainsi va la vie de la s\u00e9lection. Avec une confirmation\u00a0: le football de clubs a pris le pouvoir.<\/p>\n<p class=\"fig-slideshow__title\">\n                    \u00c9quipe de France\u00a0: en images, les 10 meilleurs buteurs de l&rsquo;histoire des Bleus\n                <\/p>\n<p>Acc\u00e9der au diaporama (10)<\/p>\n","protected":false},"excerpt":{"rendered":"Le s\u00e9lectionneur des Bleus a regrett\u00e9 l\u2019absence de son capitaine et vice-capitaine pour le d\u00e9but du stade de&hellip;\n","protected":false},"author":2,"featured_media":139372,"comment_status":"","ping_status":"","sticky":false,"template":"","format":"standard","meta":{"footnotes":""},"categories":[2],"tags":[11,26609,525,20536,18013,814,20535,64,20534,85,2257,63,1011,27,6477,20533,955,12,1980],"class_list":{"0":"post-139371","1":"post","2":"type-post","3":"status-publish","4":"format-standard","5":"has-post-thumbnail","7":"category-actualites","8":"tag-actualites","9":"tag-aurelien-tchouameni","10":"tag-calendrier","11":"tag-clairefontaine","12":"tag-coupe-du-monde-2018","13":"tag-direct","14":"tag-eliminatoires","15":"tag-equipe-de-france","16":"tag-euro-2020","17":"tag-fff","18":"tag-foot","19":"tag-football","20":"tag-fr","21":"tag-france","22":"tag-kylian-mbappe","23":"tag-les-bleus","24":"tag-match","25":"tag-news","26":"tag-resultats"},"share_on_mastodon":{"url":"https:\/\/pubeurope.com\/@fr\/114597145036927306","error":""},"_links":{"self":[{"href":"https:\/\/www.europesays.com\/fr\/wp-json\/wp\/v2\/posts\/139371","targetHints":{"allow":["GET"]}}],"collection":[{"href":"https:\/\/www.europesays.com\/fr\/wp-json\/wp\/v2\/posts"}],"about":[{"href":"https:\/\/www.europesays.com\/fr\/wp-json\/wp\/v2\/types\/post"}],"author":[{"embeddable":true,"href":"https:\/\/www.europesays.com\/fr\/wp-json\/wp\/v2\/users\/2"}],"replies":[{"embeddable":true,"href":"https:\/\/www.europesays.com\/fr\/wp-json\/wp\/v2\/comments?post=139371"}],"version-history":[{"count":0,"href":"https:\/\/www.europesays.com\/fr\/wp-json\/wp\/v2\/posts\/139371\/revisions"}],"wp:featuredmedia":[{"embeddable":true,"href":"https:\/\/www.europesays.com\/fr\/wp-json\/wp\/v2\/media\/139372"}],"wp:attachment":[{"href":"https:\/\/www.europesays.com\/fr\/wp-json\/wp\/v2\/media?parent=139371"}],"wp:term":[{"taxonomy":"category","embeddable":true,"href":"https:\/\/www.europesays.com\/fr\/wp-json\/wp\/v2\/categories?post=139371"},{"taxonomy":"post_tag","embeddable":true,"href":"https:\/\/www.europesays.com\/fr\/wp-json\/wp\/v2\/tags?post=139371"}],"curies":[{"name":"wp","href":"https:\/\/api.w.org\/{rel}","templated":true}]}}