{"id":139375,"date":"2025-05-30T14:02:25","date_gmt":"2025-05-30T14:02:25","guid":{"rendered":"https:\/\/www.europesays.com\/fr\/139375\/"},"modified":"2025-05-30T14:02:25","modified_gmt":"2025-05-30T14:02:25","slug":"le-chauffard-sortait-tout-juste-de-garde-a-vue","status":"publish","type":"post","link":"https:\/\/www.europesays.com\/fr\/139375\/","title":{"rendered":"le chauffard sortait tout juste de garde \u00e0 vue"},"content":{"rendered":"<p>Ce vendredi, en d\u00e9but d\u2019apr\u00e8s-midi, un automobiliste vivant \u00e0 Vandoeuvre a \u00e9t\u00e9 signal\u00e9 en rod\u00e9o sauvage sur l\u2019axe du <a href=\"https:\/\/www.estrepublicain.fr\/p\/trolley-du-grand-nancy\" target=\"_blank\" rel=\"noopener\">trolleybus<\/a> , au centre-ville de <a href=\"https:\/\/www.estrepublicain.fr\/edition-nancy-et-agglomeration\" target=\"_blank\" rel=\"noopener\">Nancy<\/a> , vers 13\u00a0h\u00a040. La police municipale le croise porte D\u00e9silles mais l\u2019individu refuse le contr\u00f4le et prend la fuite en marche arri\u00e8re, avant de rembrayer la marche avant <a href=\"https:\/\/www.estrepublicain.fr\/economie\/2025\/05\/14\/sept-ans-de-travaux-et-38-millions-d-euros-le-prix-a-payer-pour-inventer-le-futur-espace-carnot-leopold\" target=\"_blank\" rel=\"noopener\">place Carnot<\/a>.<\/p>\n<p>Un des policiers pr\u00e9sents sur place course la voiture et r\u00e9ussit \u00e0 asperger le conducteur, \u00e2g\u00e9 de 43 ans et non titulaire du permis de conduire, de gaz lacrymog\u00e8ne.<\/p>\n<p>  Lib\u00e9r\u00e9 le matin m\u00eame de garde \u00e0 vue<\/p>\n<p>Il finit sa course sur le trottoir au niveau de l\u2019arr\u00eat de bus Baron-Louis, \u00e0 proximit\u00e9 de l\u2019ensemble scolaire Notre-Dame-Saint-Sigisbert. Les trois v\u00e9hicules de polices engag\u00e9s l\u2019encerclent, mais l\u2019homme tente de fuir \u00e0 pied.<\/p>\n<p>L\u2019individu est interpell\u00e9 \u00e0 13\u00a0h\u00a050, puis menott\u00e9 avant d\u2019\u00eatre transport\u00e9 \u00e0 l\u2019h\u00f4tel de police du boulevard Lobau apr\u00e8s qu\u2019il a refus\u00e9 de se soumettre aux d\u00e9pistages. Cet incident n\u2019a pas fait de victime, mais la circulation, plut\u00f4t calme, a n\u00e9anmoins \u00e9t\u00e9 impact\u00e9e.<\/p>\n<p>Le chauffard avait \u00e9t\u00e9 lib\u00e9r\u00e9 le matin m\u00eame de garde \u00e0 vue pour des d\u00e9lits routiers.<\/p>\n","protected":false},"excerpt":{"rendered":"Ce vendredi, en d\u00e9but d\u2019apr\u00e8s-midi, un automobiliste vivant \u00e0 Vandoeuvre a \u00e9t\u00e9 signal\u00e9 en rod\u00e9o sauvage sur l\u2019axe&hellip;\n","protected":false},"author":2,"featured_media":139376,"comment_status":"","ping_status":"","sticky":false,"template":"","format":"standard","meta":{"footnotes":""},"categories":[9635],"tags":[119,1111,11,1704,1777,674,274,1011,27,775,1702,1703,12,25],"class_list":{"0":"post-139375","1":"post","2":"type-post","3":"status-publish","4":"format-standard","5":"has-post-thumbnail","7":"category-nancy","8":"tag-accident","9":"tag-actu","10":"tag-actualites","11":"tag-edition-nancy-et-agglomeration","12":"tag-eu","13":"tag-europe","14":"tag-faits-divers-justice","15":"tag-fr","16":"tag-france","17":"tag-grand-est","18":"tag-nancy","19":"tag-nancy-ville-54b","20":"tag-news","21":"tag-republique-francaise"},"share_on_mastodon":{"url":"https:\/\/pubeurope.com\/@fr\/114597156863670859","error":""},"_links":{"self":[{"href":"https:\/\/www.europesays.com\/fr\/wp-json\/wp\/v2\/posts\/139375","targetHints":{"allow":["GET"]}}],"collection":[{"href":"https:\/\/www.europesays.com\/fr\/wp-json\/wp\/v2\/posts"}],"about":[{"href":"https:\/\/www.europesays.com\/fr\/wp-json\/wp\/v2\/types\/post"}],"author":[{"embeddable":true,"href":"https:\/\/www.europesays.com\/fr\/wp-json\/wp\/v2\/users\/2"}],"replies":[{"embeddable":true,"href":"https:\/\/www.europesays.com\/fr\/wp-json\/wp\/v2\/comments?post=139375"}],"version-history":[{"count":0,"href":"https:\/\/www.europesays.com\/fr\/wp-json\/wp\/v2\/posts\/139375\/revisions"}],"wp:featuredmedia":[{"embeddable":true,"href":"https:\/\/www.europesays.com\/fr\/wp-json\/wp\/v2\/media\/139376"}],"wp:attachment":[{"href":"https:\/\/www.europesays.com\/fr\/wp-json\/wp\/v2\/media?parent=139375"}],"wp:term":[{"taxonomy":"category","embeddable":true,"href":"https:\/\/www.europesays.com\/fr\/wp-json\/wp\/v2\/categories?post=139375"},{"taxonomy":"post_tag","embeddable":true,"href":"https:\/\/www.europesays.com\/fr\/wp-json\/wp\/v2\/tags?post=139375"}],"curies":[{"name":"wp","href":"https:\/\/api.w.org\/{rel}","templated":true}]}}