{"id":139377,"date":"2025-05-30T14:03:10","date_gmt":"2025-05-30T14:03:10","guid":{"rendered":"https:\/\/www.europesays.com\/fr\/139377\/"},"modified":"2025-05-30T14:03:10","modified_gmt":"2025-05-30T14:03:10","slug":"des-stages-de-sensibilisation-bientot-proposes-aux-personnes-qui-jettent-mal-leurs-dechets","status":"publish","type":"post","link":"https:\/\/www.europesays.com\/fr\/139377\/","title":{"rendered":"des stages de sensibilisation bient\u00f4t propos\u00e9s aux personnes qui jettent mal leurs d\u00e9chets\u00a0?"},"content":{"rendered":"<p>            Par<br \/>\n        <strong><br \/>\n            <a href=\"https:\/\/actu.fr\/auteur\/amandine-mehl\" title=\"Consulter tous les articles de Amandine Mehl\" target=\"_blank\" rel=\"noopener\">Amandine Mehl<\/a><br \/>\n        <\/strong><\/p>\n<p>        Publi\u00e9 le<\/p>\n<p>            30 mai 2025 \u00e0 16h01        <\/p>\n<p>Une <strong>alternative<\/strong> \u00e0 la verbalisation. Alors qu\u2019une<strong> nouvelle mesure<\/strong> va \u00eatre mise en place pour <a href=\"https:\/\/actu.fr\/grand-est\/nancy_54395\/pour-lutter-contre-les-depots-sauvages-une-nouvelle-mesure-va-etre-deployee-a-nancy-en-2025_62699792.html\" target=\"_blank\" rel=\"noopener\">lutter contre les d\u00e9p\u00f4ts sauvages<\/a> \u00e0 Nancy, la Ville envisage \u00e9galement de <strong>d\u00e9ployer<\/strong> des \u00ab\u00a0<strong>alternatives aux poursuites<\/strong>\u00a0\u00bb pour les habitants qui commettent des <strong>infractions<\/strong> li\u00e9es aux <a href=\"https:\/\/actu.fr\/tag\/dechets\" target=\"_blank\" rel=\"noopener\">d\u00e9chets<\/a>.\u00a0<\/p>\n<p class=\" wall-content\">Interrog\u00e9 \u00e0 ce sujet lors d\u2019une conf\u00e9rence de presse, <strong>Lionel Adam<\/strong>, adjoint d\u00e9l\u00e9gu\u00e9 \u00e0 la s\u00e9curit\u00e9, \u00e0 la propret\u00e9 et \u00e0 la tranquillit\u00e9 publique, a donn\u00e9 <strong>quelques pr\u00e9cisions<\/strong>.<\/p>\n<p>Un stage ou une amende<\/p>\n<p class=\" wall-content\">Comme l\u2019a rappel\u00e9 M. Adam, le <strong>principe est le m\u00eame<\/strong> que les stages de sensibilisation qui seront bient\u00f4t propos\u00e9s, en tant qu\u2019alternative \u00e0 l\u2019amende, aux <a href=\"https:\/\/actu.fr\/grand-est\/nancy_54395\/nancy-la-ville-lance-un-plan-d-action-massif-pour-lutter-contre-les-velos-et-trottinettes-sur-les-trottoirs_62339601.html\" target=\"_blank\" rel=\"noopener\">cyclistes et trottinettistes<\/a> \u00e0 l\u2019origine d\u2019infractions.\u00a0<\/p>\n<p class=\" wall-content\">Pour l\u2019heure, la Ville attend un retour du parquet pour les mettre en oeuvre. \u00ab\u00a0Le stage n\u2019est pas encore construit. Cependant, ce sera probablement de la <strong>p\u00e9dagogie autour de la th\u00e9matique des d\u00e9chets<\/strong>\u00ab\u00a0, a ajout\u00e9 l\u2019\u00e9lu. Ainsi, les personnes concern\u00e9es pourraient se voir proposer des <strong>ateliers<\/strong> ou encore une<strong> visite de l\u2019une des d\u00e9chetteries<\/strong> du secteur.<\/p>\n<p class=\" wall-content\">Suivez toute l\u2019actualit\u00e9 de vos villes et m\u00e9dias favoris en vous inscrivant \u00e0 <a href=\"https:\/\/moncompte.actu.fr\" title=\"D\u00e9couvez Mon Actu\" rel=\"nofollow noopener\" data-trk=\"{&quot;cta&quot;:{&quot;action&quot;:&quot;https:\\\/\\\/moncompte.actu.fr&quot;,&quot;category&quot;:&quot;mon compte&quot;,&quot;from&quot;:&quot;article footer&quot;,&quot;name&quot;:&quot;Mon actu&quot;,&quot;type&quot;:&quot;cta&quot;}}\" target=\"_blank\">Mon Actu<\/a>.<\/p>\n","protected":false},"excerpt":{"rendered":"Par Amandine Mehl Publi\u00e9 le 30 mai 2025 \u00e0 16h01 Une alternative \u00e0 la verbalisation. Alors qu\u2019une nouvelle&hellip;\n","protected":false},"author":2,"featured_media":139378,"comment_status":"","ping_status":"","sticky":false,"template":"","format":"standard","meta":{"footnotes":""},"categories":[9635],"tags":[1111,11,7622,3008,1777,674,1011,27,775,1702,12,25,104],"class_list":{"0":"post-139377","1":"post","2":"type-post","3":"status-publish","4":"format-standard","5":"has-post-thumbnail","7":"category-nancy","8":"tag-actu","9":"tag-actualites","10":"tag-amendes","11":"tag-dechets","12":"tag-eu","13":"tag-europe","14":"tag-fr","15":"tag-france","16":"tag-grand-est","17":"tag-nancy","18":"tag-news","19":"tag-republique-francaise","20":"tag-societe"},"share_on_mastodon":{"url":"https:\/\/pubeurope.com\/@fr\/114597160884750095","error":""},"_links":{"self":[{"href":"https:\/\/www.europesays.com\/fr\/wp-json\/wp\/v2\/posts\/139377","targetHints":{"allow":["GET"]}}],"collection":[{"href":"https:\/\/www.europesays.com\/fr\/wp-json\/wp\/v2\/posts"}],"about":[{"href":"https:\/\/www.europesays.com\/fr\/wp-json\/wp\/v2\/types\/post"}],"author":[{"embeddable":true,"href":"https:\/\/www.europesays.com\/fr\/wp-json\/wp\/v2\/users\/2"}],"replies":[{"embeddable":true,"href":"https:\/\/www.europesays.com\/fr\/wp-json\/wp\/v2\/comments?post=139377"}],"version-history":[{"count":0,"href":"https:\/\/www.europesays.com\/fr\/wp-json\/wp\/v2\/posts\/139377\/revisions"}],"wp:featuredmedia":[{"embeddable":true,"href":"https:\/\/www.europesays.com\/fr\/wp-json\/wp\/v2\/media\/139378"}],"wp:attachment":[{"href":"https:\/\/www.europesays.com\/fr\/wp-json\/wp\/v2\/media?parent=139377"}],"wp:term":[{"taxonomy":"category","embeddable":true,"href":"https:\/\/www.europesays.com\/fr\/wp-json\/wp\/v2\/categories?post=139377"},{"taxonomy":"post_tag","embeddable":true,"href":"https:\/\/www.europesays.com\/fr\/wp-json\/wp\/v2\/tags?post=139377"}],"curies":[{"name":"wp","href":"https:\/\/api.w.org\/{rel}","templated":true}]}}