{"id":139395,"date":"2025-05-30T14:15:12","date_gmt":"2025-05-30T14:15:12","guid":{"rendered":"https:\/\/www.europesays.com\/fr\/139395\/"},"modified":"2025-05-30T14:15:12","modified_gmt":"2025-05-30T14:15:12","slug":"le-jardin-monastique-sanime-les-7-et-8-juin","status":"publish","type":"post","link":"https:\/\/www.europesays.com\/fr\/139395\/","title":{"rendered":"le jardin monastique s\u2019anime les 7 et 8 juin"},"content":{"rendered":"<p>Labellis\u00e9 \u00ab\u00a0Jardin remarquable\u00a0\u00bb et distingu\u00e9 Bretzel d\u2019or par l\u2019institut des arts et des traditions populaires d\u2019Alsace, le jardin monastique d\u2019Eschau proposera visites guid\u00e9es, expositions et animations les 7 et 8\u00a0juin \u00e0 partir de 14\u00a0h. Le programme est identique pour les deux apr\u00e8s-midi avec en prime une animation musicale sur des airs d\u2019accord\u00e9on le dimanche \u00e0 partir de 15\u00a0h.<\/p>\n<p>\u00c0 14\u00a0h\u00a030 le public int\u00e9ress\u00e9 b\u00e9n\u00e9ficiera d\u2019une visite guid\u00e9e gratuite de <a href=\"https:\/\/www.dna.fr\/culture-loisirs\/2020\/06\/30\/le-charme-de-discret-de-l-abbatiale-saint-trophime\" target=\"_blank\" rel=\"noopener\">l\u2019abbatiale Saint-Trophime<\/a> incluant une pr\u00e9sentation de la maquette de l\u2019abbaye Sainte-Sophie expos\u00e9e sous la nef. Du monast\u00e8re occup\u00e9 par des moniales b\u00e9n\u00e9dictines au Moyen \u00c2ge ne subsiste plus que quelques vestiges du clo\u00eetre expos\u00e9s au mus\u00e9e de l\u2019\u0153uvre de Notre-Dame \u00e0 Strasbourg. Chaque visite est limit\u00e9e \u00e0 25 personnes.<\/p>\n<p>  Histoires de pierres et lithoth\u00e9rapie<\/p>\n<p>Les visiteurs pourront ensuite d\u00e9ambuler \u00e0 leur guise dans les all\u00e9es du jardin monastique (en face de l\u2019abbatiale) et profiter des animations jusqu\u2019\u00e0 18\u00a0h. En lien avec le th\u00e8me national \u00ab\u00a0Jardins de pierres, pierres de jardins\u00a0\u00bb, <a href=\"https:\/\/www.dna.fr\/culture-loisirs\/2021\/12\/07\/jardin-monastique-joseph-gross-passe-la-main?fbclid=IwY2xjawKmjWdleHRuA2FlbQIxMQBicmlkETBSQ3JicnVGZzBtSHF1ajRQAR6FoP4QczknHvZscszUuTWqCXKzGhhqBtA2-XGmHAr4nFG_9c2LptiCDuGhjw_aem_6qWYbnJNlaT2F9ONS4rPhg\" target=\"_blank\" rel=\"noopener\">Denise<\/a> et Daniel Zachary, \u00e0 la t\u00eate de l\u2019association des Amis du jardin monastique, d\u00e9crypteront les bornes pr\u00e9sentes comme la borne Noblat (1773), la borne Tulla (1820) ou encore la borne de batellerie (1764). Les pierres t\u00e9moignent de leur origine et quelques \u00e9chantillons seront pr\u00e9sent\u00e9s (bombe volcanique, orgue basaltique, rides de plage (gr\u00e8s vosgien), fossiles marins et terrestres\u2026).<\/p>\n<p>Il sera \u00e9galement question de lithoth\u00e9rapie. De Hildegarde de Bingen au mouvement \u00ab\u00a0New-Age\u00a0\u00bb le regain d\u2019int\u00e9r\u00eat pour cette m\u00e9decine non conventionnelle, autour des vertus suppos\u00e9es des pierres et des min\u00e9raux sera discut\u00e9.<\/p>\n<p>  Des ateliers pour tous<\/p>\n<p>Comme \u00e0 l\u2019accoutum\u00e9e, des ateliers raviront petits et grands comme la peinture sur galets (atelier pour enfants) ou (pour tous) l\u2019atelier \u00ab\u00a0Galet qui es-tu\u00a0?\u00a0\u00bb Un atelier de reconnaissance de la nature des galets pr\u00e9lev\u00e9s dans une gravi\u00e8re d\u2019Eschau (galets du lit du Rhin). \u00c0 d\u00e9couvrir aussi la d\u00e9ambulation po\u00e9tique \u00a0Entre pierres et fleurs (conte) d\u2019une jeune fille qui suit l\u2019appel de son c\u0153ur au hasard de la vie.<\/p>\n<p class=\"note\">\u00ab\u00a0Rendez-vous au Jardin\u00a0\u00bb avec les Amis du jardin monastique d\u2019Eschau rue de la 1re Division Blind\u00e9e (en face de l\u2019abbatiale Saint-Trophime) le samedi 7\u00a0juin et le dimanche 8\u00a0juin \u00e0 partir de 14\u00a0h. Entr\u00e9e libre. Renseignements\u00a0: ddzachary@yahoo.fr T\u00e9l.\u00a006\u00a026\u00a067\u00a030\u00a005<\/p>\n","protected":false},"excerpt":{"rendered":"Labellis\u00e9 \u00ab\u00a0Jardin remarquable\u00a0\u00bb et distingu\u00e9 Bretzel d\u2019or par l\u2019institut des arts et des traditions populaires d\u2019Alsace, le jardin&hellip;\n","protected":false},"author":2,"featured_media":139396,"comment_status":"","ping_status":"","sticky":false,"template":"","format":"standard","meta":{"footnotes":""},"categories":[2820],"tags":[1111,11,1687,2880,436,4373,1777,674,107,1011,27,775,12,25,640,3089],"class_list":{"0":"post-139395","1":"post","2":"type-post","3":"status-publish","4":"format-standard","5":"has-post-thumbnail","7":"category-strasbourg","8":"tag-actu","9":"tag-actualites","10":"tag-culture-loisirs","11":"tag-edition-strasbourg","12":"tag-environnement","13":"tag-eschau","14":"tag-eu","15":"tag-europe","16":"tag-fil-info","17":"tag-fr","18":"tag-france","19":"tag-grand-est","20":"tag-news","21":"tag-republique-francaise","22":"tag-strasbourg","23":"tag-strasbourg-sud"},"share_on_mastodon":{"url":"https:\/\/pubeurope.com\/@fr\/114597207971505502","error":""},"_links":{"self":[{"href":"https:\/\/www.europesays.com\/fr\/wp-json\/wp\/v2\/posts\/139395","targetHints":{"allow":["GET"]}}],"collection":[{"href":"https:\/\/www.europesays.com\/fr\/wp-json\/wp\/v2\/posts"}],"about":[{"href":"https:\/\/www.europesays.com\/fr\/wp-json\/wp\/v2\/types\/post"}],"author":[{"embeddable":true,"href":"https:\/\/www.europesays.com\/fr\/wp-json\/wp\/v2\/users\/2"}],"replies":[{"embeddable":true,"href":"https:\/\/www.europesays.com\/fr\/wp-json\/wp\/v2\/comments?post=139395"}],"version-history":[{"count":0,"href":"https:\/\/www.europesays.com\/fr\/wp-json\/wp\/v2\/posts\/139395\/revisions"}],"wp:featuredmedia":[{"embeddable":true,"href":"https:\/\/www.europesays.com\/fr\/wp-json\/wp\/v2\/media\/139396"}],"wp:attachment":[{"href":"https:\/\/www.europesays.com\/fr\/wp-json\/wp\/v2\/media?parent=139395"}],"wp:term":[{"taxonomy":"category","embeddable":true,"href":"https:\/\/www.europesays.com\/fr\/wp-json\/wp\/v2\/categories?post=139395"},{"taxonomy":"post_tag","embeddable":true,"href":"https:\/\/www.europesays.com\/fr\/wp-json\/wp\/v2\/tags?post=139395"}],"curies":[{"name":"wp","href":"https:\/\/api.w.org\/{rel}","templated":true}]}}