{"id":139403,"date":"2025-05-30T14:19:16","date_gmt":"2025-05-30T14:19:16","guid":{"rendered":"https:\/\/www.europesays.com\/fr\/139403\/"},"modified":"2025-05-30T14:19:16","modified_gmt":"2025-05-30T14:19:16","slug":"une-femme-de-19-ans-poignardee-a-plusieurs-reprises-a-nantes-le-suspect-en-fuite","status":"publish","type":"post","link":"https:\/\/www.europesays.com\/fr\/139403\/","title":{"rendered":"Une femme de 19\u00a0ans poignard\u00e9e \u00e0 plusieurs reprises \u00e0 Nantes, le suspect en fuite"},"content":{"rendered":"<p class=\"paragraph text_align_left\">Une femme de 19 ans a \u00e9t\u00e9 <a href=\"https:\/\/www.leparisien.fr\/faits-divers\/attaque-au-couteau-a-nantes-qui-etait-la-lyceenne-tuee-lors-de-lattaque-26-04-2025-6UJNBOW6KZBLVLGSPDXNPW6OZQ.php\" target=\"_blank\" rel=\"nofollow noopener\">poignard\u00e9e<\/a> jeudi soir \u00e0 Nantes (Loire-Atlantique), selon les informations de <a href=\"https:\/\/www.ouest-france.fr\/societe\/faits-divers\/a-nantes-une-jeune-femme-recoit-plusieurs-dizaines-de-coups-de-couteau-2ad27f18-3cc9-11f0-88b0-943c4d024772\" target=\"_self\" rel=\"nofollow noopener\">Ouest-France<\/a> que nous sommes en mesure de confirmer.<\/p>\n<p class=\"paragraph text_align_left\">La victime a re\u00e7u plusieurs coups de couteau alors qu\u2019elle marchait dans la rue de la R\u00e9volution-des-\u0152illets, situ\u00e9e pr\u00e8s du parc de La Roche.<\/p>\n<p class=\"paragraph text_align_left\">Un t\u00e9moin de la sc\u00e8ne, tr\u00e8s choqu\u00e9, a racont\u00e9 \u00e0 Ouest-France \u00eatre intervenu avec un deuxi\u00e8me individu afin de tenter \u00ab de ma\u00eetriser l\u2019agresseur \u00bb. L\u2019un d\u2019eux a pr\u00e9venu la police.<\/p>\n<p>Le suspect activement recherch\u00e9<\/p>\n<p class=\"paragraph text_align_left\">L\u2019auteur pr\u00e9sum\u00e9 des coups a pris la fuite apr\u00e8s l\u2019agression. Ce jeune majeur est toujours activement recherch\u00e9 par les forces de l\u2019ordre ce vendredi matin selon nos informations.<\/p>\n<p class=\"lp-card-podcast-highlighting__title  lp-f-subtitle-05\">Les disparus du camp militaire de Mourmelon (2\/2)<\/p>\n<p class=\"lp-card-podcast-highlighting__description lp-f-ui-05\">Crime story raconte chaque semaine les grandes affaires criminelles.<\/p>\n<p><a class=\"lp-card-podcast-highlighting__call-to-action\" data-page-type=\"HP\" data-block-name=\"podcast-highlight\">\u00c9couter<\/a><\/p>\n<p class=\"paragraph text_align_left\">La jeune femme conna\u00eetrait son agresseur. Elle avait \u00e9t\u00e9 transport\u00e9e au CHU de Nantes jeudi soir. Son pronostic vital n\u2019est pas engag\u00e9 ce vendredi selon nos informations.<\/p>\n","protected":false},"excerpt":{"rendered":"Une femme de 19 ans a \u00e9t\u00e9 poignard\u00e9e jeudi soir \u00e0 Nantes (Loire-Atlantique), selon les informations de Ouest-France&hellip;\n","protected":false},"author":2,"featured_media":139404,"comment_status":"","ping_status":"","sticky":false,"template":"","format":"standard","meta":{"footnotes":""},"categories":[2818],"tags":[1111,11,459,1777,674,118,1011,27,766,12,2636,25],"class_list":{"0":"post-139403","1":"post","2":"type-post","3":"status-publish","4":"format-standard","5":"has-post-thumbnail","7":"category-nantes","8":"tag-actu","9":"tag-actualites","10":"tag-departements-horsidfo","11":"tag-eu","12":"tag-europe","13":"tag-faits-divers","14":"tag-fr","15":"tag-france","16":"tag-nantes","17":"tag-news","18":"tag-pays-de-la-loire","19":"tag-republique-francaise"},"share_on_mastodon":{"url":"https:\/\/pubeurope.com\/@fr\/114597223663057105","error":""},"_links":{"self":[{"href":"https:\/\/www.europesays.com\/fr\/wp-json\/wp\/v2\/posts\/139403","targetHints":{"allow":["GET"]}}],"collection":[{"href":"https:\/\/www.europesays.com\/fr\/wp-json\/wp\/v2\/posts"}],"about":[{"href":"https:\/\/www.europesays.com\/fr\/wp-json\/wp\/v2\/types\/post"}],"author":[{"embeddable":true,"href":"https:\/\/www.europesays.com\/fr\/wp-json\/wp\/v2\/users\/2"}],"replies":[{"embeddable":true,"href":"https:\/\/www.europesays.com\/fr\/wp-json\/wp\/v2\/comments?post=139403"}],"version-history":[{"count":0,"href":"https:\/\/www.europesays.com\/fr\/wp-json\/wp\/v2\/posts\/139403\/revisions"}],"wp:featuredmedia":[{"embeddable":true,"href":"https:\/\/www.europesays.com\/fr\/wp-json\/wp\/v2\/media\/139404"}],"wp:attachment":[{"href":"https:\/\/www.europesays.com\/fr\/wp-json\/wp\/v2\/media?parent=139403"}],"wp:term":[{"taxonomy":"category","embeddable":true,"href":"https:\/\/www.europesays.com\/fr\/wp-json\/wp\/v2\/categories?post=139403"},{"taxonomy":"post_tag","embeddable":true,"href":"https:\/\/www.europesays.com\/fr\/wp-json\/wp\/v2\/tags?post=139403"}],"curies":[{"name":"wp","href":"https:\/\/api.w.org\/{rel}","templated":true}]}}