{"id":139405,"date":"2025-05-30T14:20:10","date_gmt":"2025-05-30T14:20:10","guid":{"rendered":"https:\/\/www.europesays.com\/fr\/139405\/"},"modified":"2025-05-30T14:20:10","modified_gmt":"2025-05-30T14:20:10","slug":"nantes-une-femme-poignardee-par-son-ex-compagnon-algerien-en-situation-irreguliere","status":"publish","type":"post","link":"https:\/\/www.europesays.com\/fr\/139405\/","title":{"rendered":"Nantes : une femme poignard\u00e9e par son ex-compagnon alg\u00e9rien en situation irr\u00e9guli\u00e8re"},"content":{"rendered":"<p>\tNantes : une femme poignard\u00e9e par son ex-compagnon alg\u00e9rien en situation irr\u00e9guli\u00e8re &#8211; Valeurs actuelles<\/p>\n<p><a href=\"https:\/\/www.valeursactuelles.com\/\" target=\"_blank\" rel=\"noopener\">Accueil<\/a> \u00bb <a href=\"https:\/\/www.valeursactuelles.com\/faits-divers\" target=\"_blank\" rel=\"noopener\">Faits divers<\/a> \u00bb Nantes : une femme poignard\u00e9e par son ex-compagnon alg\u00e9rien en situation irr\u00e9guli\u00e8re<\/p>\n","protected":false},"excerpt":{"rendered":"Nantes : une femme poignard\u00e9e par son ex-compagnon alg\u00e9rien en situation irr\u00e9guli\u00e8re &#8211; Valeurs actuelles Accueil \u00bb Faits&hellip;\n","protected":false},"author":2,"featured_media":139406,"comment_status":"","ping_status":"","sticky":false,"template":"","format":"standard","meta":{"footnotes":""},"categories":[2818],"tags":[1111,11,7065,4345,9405,1777,674,1011,27,6734,766,12,2636,25],"class_list":{"0":"post-139405","1":"post","2":"type-post","3":"status-publish","4":"format-standard","5":"has-post-thumbnail","7":"category-nantes","8":"tag-actu","9":"tag-actualites","10":"tag-agression-au-couteau","11":"tag-algerien","12":"tag-arme-blanche","13":"tag-eu","14":"tag-europe","15":"tag-fr","16":"tag-france","17":"tag-immigration-clandestine","18":"tag-nantes","19":"tag-news","20":"tag-pays-de-la-loire","21":"tag-republique-francaise"},"share_on_mastodon":{"url":"https:\/\/pubeurope.com\/@fr\/114597227751833144","error":""},"_links":{"self":[{"href":"https:\/\/www.europesays.com\/fr\/wp-json\/wp\/v2\/posts\/139405","targetHints":{"allow":["GET"]}}],"collection":[{"href":"https:\/\/www.europesays.com\/fr\/wp-json\/wp\/v2\/posts"}],"about":[{"href":"https:\/\/www.europesays.com\/fr\/wp-json\/wp\/v2\/types\/post"}],"author":[{"embeddable":true,"href":"https:\/\/www.europesays.com\/fr\/wp-json\/wp\/v2\/users\/2"}],"replies":[{"embeddable":true,"href":"https:\/\/www.europesays.com\/fr\/wp-json\/wp\/v2\/comments?post=139405"}],"version-history":[{"count":0,"href":"https:\/\/www.europesays.com\/fr\/wp-json\/wp\/v2\/posts\/139405\/revisions"}],"wp:featuredmedia":[{"embeddable":true,"href":"https:\/\/www.europesays.com\/fr\/wp-json\/wp\/v2\/media\/139406"}],"wp:attachment":[{"href":"https:\/\/www.europesays.com\/fr\/wp-json\/wp\/v2\/media?parent=139405"}],"wp:term":[{"taxonomy":"category","embeddable":true,"href":"https:\/\/www.europesays.com\/fr\/wp-json\/wp\/v2\/categories?post=139405"},{"taxonomy":"post_tag","embeddable":true,"href":"https:\/\/www.europesays.com\/fr\/wp-json\/wp\/v2\/tags?post=139405"}],"curies":[{"name":"wp","href":"https:\/\/api.w.org\/{rel}","templated":true}]}}