{"id":139415,"date":"2025-05-30T14:27:23","date_gmt":"2025-05-30T14:27:23","guid":{"rendered":"https:\/\/www.europesays.com\/fr\/139415\/"},"modified":"2025-05-30T14:27:23","modified_gmt":"2025-05-30T14:27:23","slug":"groupe-un-avenir-pour-roubaix-juin-juillet-aout-2025","status":"publish","type":"post","link":"https:\/\/www.europesays.com\/fr\/139415\/","title":{"rendered":"Groupe Un avenir pour Roubaix &#8211; Juin Juillet Ao\u00fbt 2025"},"content":{"rendered":"<p class=\"p2\">Comme l\u2019an pass\u00e9 le mois de juin signe le d\u00e9but de l\u2019\u00e9t\u00e9 et d\u2019un ensemble d\u2019animations destin\u00e9es aux familles.<br \/>Juin est aussi un mois de fin de cycle scolaire avec des besoins en stages. Nous avons renforc\u00e9 notre engagement et le nombre de places propos\u00e9es pour accueillir des jeunes \u00e0 la Ville de Roubaix. Nous souhaitons une pleine r\u00e9ussite \u00e0 ceux qui passeront leurs examens et nous aurons le plaisir de retrouver les plus m\u00e9ritants de nos dipl\u00f4m\u00e9s dans une c\u00e9r\u00e9monie d\u00e9di\u00e9e apr\u00e8s les vacances scolaires.<br \/>Au moment o\u00f9 nous \u00e9crivons cette tribune, les derni\u00e8res activit\u00e9s que nous construisons avec l\u2019\u00c9tat \u00e0 travers le dispositif \u00ab Un \u00e9t\u00e9 pour tous \u00bb ne sont pas encore finalis\u00e9es. Notre d\u00e9sir est d\u2019assurer des temps de loisirs et de d\u00e9tente pour les familles dans les quartiers pour compl\u00e9ter notre plan d\u2019animation \u00e0 l\u2019\u00e9chelle de la ville.<br \/>Je vous invite \u00e0 prendre connaissance des animations \u00e0 travers le magazine municipal mais aussi \u00e0 consulter l\u2019agenda en ligne sur le site internet de la ville qui int\u00e9grera toutes les informations mises \u00e0 jour.<\/p>\n<p><strong>L\u2019\u00e9t\u00e9 sera aussi consacr\u00e9 aux travaux<\/strong><br \/>De nombreux chantiers sont attendus aussi bien pour la r\u00e9novation urbaine que pour les traditionnels travaux d\u2019entretien ou d\u2019am\u00e9nagement des \u00e9coles.<br \/>Un chantier majeur sera la fin de la tour D aux Trois-Ponts. Ce projet r\u00e9pond \u00e0 la demande des familles qui y habitaient et qui ont pu \u00eatre relog\u00e9es dans de meilleures conditions. Il ne restera plus que la tour E pour laquelle le processus de relogement doit aussi aller \u00e0 son terme avant de pouvoir tourner la page. Aux Trois Ponts, le temps des nouvelles constructions permettra d\u2019installer, entre autres, une nouvelle salle de sport et un p\u00f4le famille qui accueillera un centre social, un relais d\u2019assistantes maternelles et une cr\u00e8che, mais aussi des am\u00e9nagements publics. Ils seront desservis par la future ligne de tramway.<\/p>\n<p><strong>La s\u00e9curit\u00e9 en ligne de mire<\/strong><br \/>Malheureusement la saison a vu \u00e9merger de nouveaux groupes qui s\u2019adonnent aux rod\u00e9os urbains. M\u00eame si la lutte est difficile, nous renseignons la Police Nationale d\u00e8s que les conditions se pr\u00e9sentent pour retirer des engins de la circulation.<br \/>La Police Nationale et ses \u00e9quipes d\u00e9di\u00e9es \u00e0 la lutte contre les stup\u00e9fiants ont par ailleurs men\u00e9 de grosses op\u00e9rations ces derniers mois pour perturber les trafics de drogue sur la ville et je les en remercie.<\/p>\n<p>Enfin, que vous ayez ou non l\u2019opportunit\u00e9 de partir en vacances, je souhaite \u00e0 chacun un bon \u00e9t\u00e9 et esp\u00e8re vous croiser sur les diff\u00e9rentes animations de la Ville.<\/p>\n<p style=\"text-align: right;\"><strong>Guillaume DELBAR<\/strong>, Maire de Roubaix<\/p>\n","protected":false},"excerpt":{"rendered":"Comme l\u2019an pass\u00e9 le mois de juin signe le d\u00e9but de l\u2019\u00e9t\u00e9 et d\u2019un ensemble d\u2019animations destin\u00e9es aux&hellip;\n","protected":false},"author":2,"featured_media":48636,"comment_status":"","ping_status":"","sticky":false,"template":"","format":"standard","meta":{"footnotes":""},"categories":[2815],"tags":[1111,11,1777,674,14030,1011,27,811,1307,12,25,5030],"class_list":{"0":"post-139415","1":"post","2":"type-post","3":"status-publish","4":"format-standard","5":"has-post-thumbnail","7":"category-lille","8":"tag-actu","9":"tag-actualites","10":"tag-eu","11":"tag-europe","12":"tag-expression-politique","13":"tag-fr","14":"tag-france","15":"tag-hauts-de-france","16":"tag-lille","17":"tag-news","18":"tag-republique-francaise","19":"tag-tribune"},"share_on_mastodon":{"url":"https:\/\/pubeurope.com\/@fr\/114597255116264707","error":""},"_links":{"self":[{"href":"https:\/\/www.europesays.com\/fr\/wp-json\/wp\/v2\/posts\/139415","targetHints":{"allow":["GET"]}}],"collection":[{"href":"https:\/\/www.europesays.com\/fr\/wp-json\/wp\/v2\/posts"}],"about":[{"href":"https:\/\/www.europesays.com\/fr\/wp-json\/wp\/v2\/types\/post"}],"author":[{"embeddable":true,"href":"https:\/\/www.europesays.com\/fr\/wp-json\/wp\/v2\/users\/2"}],"replies":[{"embeddable":true,"href":"https:\/\/www.europesays.com\/fr\/wp-json\/wp\/v2\/comments?post=139415"}],"version-history":[{"count":0,"href":"https:\/\/www.europesays.com\/fr\/wp-json\/wp\/v2\/posts\/139415\/revisions"}],"wp:featuredmedia":[{"embeddable":true,"href":"https:\/\/www.europesays.com\/fr\/wp-json\/wp\/v2\/media\/48636"}],"wp:attachment":[{"href":"https:\/\/www.europesays.com\/fr\/wp-json\/wp\/v2\/media?parent=139415"}],"wp:term":[{"taxonomy":"category","embeddable":true,"href":"https:\/\/www.europesays.com\/fr\/wp-json\/wp\/v2\/categories?post=139415"},{"taxonomy":"post_tag","embeddable":true,"href":"https:\/\/www.europesays.com\/fr\/wp-json\/wp\/v2\/tags?post=139415"}],"curies":[{"name":"wp","href":"https:\/\/api.w.org\/{rel}","templated":true}]}}