{"id":13942,"date":"2025-04-10T01:30:16","date_gmt":"2025-04-10T01:30:16","guid":{"rendered":"https:\/\/www.europesays.com\/fr\/13942\/"},"modified":"2025-04-10T01:30:16","modified_gmt":"2025-04-10T01:30:16","slug":"strasbourg-a-lelsau-les-millions-deuros-injectes-pour-ameliorer-le-quartier-passent-inapercus","status":"publish","type":"post","link":"https:\/\/www.europesays.com\/fr\/13942\/","title":{"rendered":"Strasbourg. \u00c0 l\u2019Elsau, les millions d\u2019euros inject\u00e9s pour am\u00e9liorer le quartier passent inaper\u00e7us"},"content":{"rendered":"<p>Depuis le balcon de la r\u00e9sidence Rembrandt, la vue donne sur la cath\u00e9drale. \u00c0 l\u2019arri\u00e8re, trois tours promises \u00e0 la d\u00e9molition projettent encore leur ombre sur le quartier. Ce lundi 31\u00a0mars, il y a du monde pour inaugurer la r\u00e9novation de cette r\u00e9sidence de cinq \u00e9tages. Avant les travaux, moins d\u2019un tiers de ses logements \u00e9taient encore occup\u00e9s. \u00ab\u00a0Maintenant c\u2019est 100\u00a0%\u00a0\u00bb, certifie le bailleur.<\/p>\n<p>Au milieu d\u2019un ar\u00e9opage d\u2019\u00e9lus et d\u2019officiels, No\u00eblle, 80 ans, est l\u2019une des r\u00e9sidentes. Elle savoure un caf\u00e9 et quelques sucreries propos\u00e9s pour la c\u00e9r\u00e9monie d\u2019inauguration. \u00ab\u00a0C\u2019\u00e9tait vieillot et \u00e7a chauffait parfois mal, maintenant je suis contente, tout est bien\u00a0!\u00a0\u00bb Dix-huit mois de travaux ont permis de r\u00e9nover 88 logements et de cr\u00e9er huit nouveaux logements familiaux, pour un investissement de 9,58\u00a0millions d\u2019euros.<\/p>\n<p>\u00ab\u00a0Une r\u00e9novation\u00a0? Je n\u2019\u00e9tais pas au courant\u00a0\u00bb<\/p>\n<p>Ma&#8230;<\/p>\n","protected":false},"excerpt":{"rendered":"Depuis le balcon de la r\u00e9sidence Rembrandt, la vue donne sur la cath\u00e9drale. \u00c0 l\u2019arri\u00e8re, trois tours promises&hellip;\n","protected":false},"author":2,"featured_media":13943,"comment_status":"","ping_status":"","sticky":false,"template":"","format":"standard","meta":{"footnotes":""},"categories":[2820],"tags":[1111,11,2880,1777,674,107,1011,27,775,3539,1908,12,316,25,104,640,2879],"class_list":{"0":"post-13942","1":"post","2":"type-post","3":"status-publish","4":"format-standard","5":"has-post-thumbnail","7":"category-strasbourg","8":"tag-actu","9":"tag-actualites","10":"tag-edition-strasbourg","11":"tag-eu","12":"tag-europe","13":"tag-fil-info","14":"tag-fr","15":"tag-france","16":"tag-grand-est","17":"tag-les-ecologistes","18":"tag-logement","19":"tag-news","20":"tag-politique","21":"tag-republique-francaise","22":"tag-societe","23":"tag-strasbourg","24":"tag-strasbourg-ville"},"share_on_mastodon":{"url":"https:\/\/pubeurope.com\/@fr\/114311084381880522","error":""},"_links":{"self":[{"href":"https:\/\/www.europesays.com\/fr\/wp-json\/wp\/v2\/posts\/13942","targetHints":{"allow":["GET"]}}],"collection":[{"href":"https:\/\/www.europesays.com\/fr\/wp-json\/wp\/v2\/posts"}],"about":[{"href":"https:\/\/www.europesays.com\/fr\/wp-json\/wp\/v2\/types\/post"}],"author":[{"embeddable":true,"href":"https:\/\/www.europesays.com\/fr\/wp-json\/wp\/v2\/users\/2"}],"replies":[{"embeddable":true,"href":"https:\/\/www.europesays.com\/fr\/wp-json\/wp\/v2\/comments?post=13942"}],"version-history":[{"count":0,"href":"https:\/\/www.europesays.com\/fr\/wp-json\/wp\/v2\/posts\/13942\/revisions"}],"wp:featuredmedia":[{"embeddable":true,"href":"https:\/\/www.europesays.com\/fr\/wp-json\/wp\/v2\/media\/13943"}],"wp:attachment":[{"href":"https:\/\/www.europesays.com\/fr\/wp-json\/wp\/v2\/media?parent=13942"}],"wp:term":[{"taxonomy":"category","embeddable":true,"href":"https:\/\/www.europesays.com\/fr\/wp-json\/wp\/v2\/categories?post=13942"},{"taxonomy":"post_tag","embeddable":true,"href":"https:\/\/www.europesays.com\/fr\/wp-json\/wp\/v2\/tags?post=13942"}],"curies":[{"name":"wp","href":"https:\/\/api.w.org\/{rel}","templated":true}]}}