{"id":139420,"date":"2025-05-30T14:30:08","date_gmt":"2025-05-30T14:30:08","guid":{"rendered":"https:\/\/www.europesays.com\/fr\/139420\/"},"modified":"2025-05-30T14:30:08","modified_gmt":"2025-05-30T14:30:08","slug":"une-oeuvre-de-banksy-installee-a-marseille-ce-que-lon-sait","status":"publish","type":"post","link":"https:\/\/www.europesays.com\/fr\/139420\/","title":{"rendered":"Une \u0153uvre de Banksy install\u00e9e \u00e0 Marseille ? Ce que l&rsquo;on sait"},"content":{"rendered":"<p>            Par<br \/>\n        <strong><br \/>\n            <a href=\"https:\/\/actu.fr\/auteur\/thibault-nadal-actu-fr\" title=\"Consulter tous les articles de Thibault Nadal\" rel=\"nofollow noopener\" target=\"_blank\">Thibault Nadal<\/a><br \/>\n        <\/strong><\/p>\n<p>        Publi\u00e9 le<\/p>\n<p>            30 mai 2025 \u00e0 16h27        <\/p>\n<p>C\u2019est la photo qui affole <a href=\"https:\/\/actu.fr\/tag\/reseaux-sociaux\" rel=\"nofollow noopener\" target=\"_blank\">les r\u00e9seaux sociaux<\/a> marseillais depuis le d\u00e9but de la journ\u00e9e. Sur <a href=\"https:\/\/actu.fr\/tag\/reseaux-sociaux\" rel=\"nofollow noopener\" target=\"_blank\">ses r\u00e9seaux sociaux<\/a>, ce jeudi 29\u00a0mai 2025, Bansky a d\u00e9voil\u00e9 sa derni\u00e8re \u0153uvre, sans en r\u00e9v\u00e9ler sa localisation.<\/p>\n<p class=\" wall-content\">Mais ce vendredi, plusieurs \u00e9lus comme le maire de <a href=\"https:\/\/actu.fr\/marseille\/\" rel=\"nofollow noopener\" target=\"_blank\">Marseille<\/a>, <a href=\"https:\/\/actu.fr\/tag\/benoit-payan\" rel=\"nofollow noopener\" target=\"_blank\">Beno\u00eet Payan<\/a> ou la pr\u00e9sidente de la m\u00e9tropole, Martine Vassal, ont relay\u00e9 la photo en indiquant qu\u2019elle se trouvait dans la cit\u00e9 phoc\u00e9enne.<\/p>\n<p class=\" wall-content\">Voici ce que l\u2019on sait.<\/p>\n<p>L\u2019\u0153uvre se trouve pr\u00e8s de la plage des Catalans<\/p>\n<p class=\" wall-content\">L\u2019\u0153uvre qui repr\u00e9sente un phare au pochoir, se trouve <strong>pr\u00e8s de la plage des Catalans<\/strong> dans le 7e arrondissement. Elle est accompagn\u00e9e de ce message\u2009: \u00ab\u2009I want to be what you saw in me\u2009\u00bb (\u00ab Je veux \u00eatre ce que tu as vu en moi\u2009\u00bb en fran\u00e7ais). Selon <a href=\"https:\/\/france3-regions.franceinfo.fr\/provence-alpes-cote-d-azur\/bouches-du-rhone\/marseille\/un-nouveau-bansky-a-marseille-ses-fans-l-ont-deja-trouve-grace-aux-photos-que-l-artiste-a-publiees-sur-les-reseaux-sociaux-3162867.html\" rel=\"nofollow noopener\" target=\"_blank\">France 3 PACA<\/a>, une \u00e9tiquette avec \u00e9crit \u00ab\u2009Yaze\u2009\u00bb r\u00e9alis\u00e9e par un graffeur canadien se trouve juste \u00e0 c\u00f4t\u00e9.<\/p>\n<p class=\" wall-content\">Pour admirer le dernier Bansky, il suffit de se rendre dans le quartier des Catalans au niveau d\u2019un tunnel, situ\u00e9 <strong>rue F\u00e9lix-Fr\u00e9gier<\/strong>.<\/p>\n<p>Vid\u00e9os : en ce moment sur Actu<\/p>\n<p class=\" wall-content\"><a href=\"https:\/\/www.instagram.com\/p\/DKPUg56MqyT\/embed\" title=\"Ouvrir le lien sur Instagram\" rel=\"nofollow noopener\" target=\"_blank\">Visualiser le contenu sur Instagram<\/a><\/p>\n<p>\u00ab Quelle fiert\u00e9 pour la Ville\u2009\u00bb<\/p>\n<p class=\" wall-content\">Beno\u00eet Payan s\u2019est fendu d\u2019un simple \u00ab\u2009Marseille x Bansky\u2009\u00bb, alors que Martine Vassal a accompagn\u00e9 cette photo d\u2019un message plus long\u2009: \u00ab\u2009Le dernier Banksy est \u00e0 Marseille, aux Catalans\u2009! Quelle fiert\u00e9 pour notre ville\u2009! L\u2019art accessible et rebelle, c\u2019est bien Marseille. Un honneur pour nous de recevoir une \u0153uvre du ma\u00eetre du street art\u2009\u00bb, peut-on lire sur X.<\/p>\n<p class=\" wall-content\">\n<p class=\" wall-content\">L\u2019artiste, aux millions d\u2019euros collect\u00e9s gr\u00e2ce \u00e0 ses \u0153uvres, doit prochainement poser ses valises \u00e0 <strong>Toulon<\/strong> (Var) pour une exposition de plusieurs mois.<\/p>\n<p class=\" wall-content\">Suivez toute l\u2019actualit\u00e9 de vos villes et m\u00e9dias favoris en vous inscrivant \u00e0 <a href=\"https:\/\/moncompte.actu.fr\" title=\"D\u00e9couvez Mon Actu\" rel=\"nofollow noopener\" data-trk=\"{&quot;cta&quot;:{&quot;action&quot;:&quot;https:\\\/\\\/moncompte.actu.fr&quot;,&quot;category&quot;:&quot;mon compte&quot;,&quot;from&quot;:&quot;article footer&quot;,&quot;name&quot;:&quot;Mon actu&quot;,&quot;type&quot;:&quot;cta&quot;}}\" target=\"_blank\">Mon Actu<\/a>.<\/p>\n<p>                    <script async src=\"\/\/www.instagram.com\/embed.js\"><\/script><\/p>\n","protected":false},"excerpt":{"rendered":"Par Thibault Nadal Publi\u00e9 le 30 mai 2025 \u00e0 16h27 C\u2019est la photo qui affole les r\u00e9seaux sociaux&hellip;\n","protected":false},"author":2,"featured_media":139421,"comment_status":"","ping_status":"","sticky":false,"template":"","format":"standard","meta":{"footnotes":""},"categories":[2814],"tags":[1111,11,1777,674,1011,27,1652,884,12,882,25,7189],"class_list":{"0":"post-139420","1":"post","2":"type-post","3":"status-publish","4":"format-standard","5":"has-post-thumbnail","7":"category-marseille","8":"tag-actu","9":"tag-actualites","10":"tag-eu","11":"tag-europe","12":"tag-fr","13":"tag-france","14":"tag-loisirs-culture","15":"tag-marseille","16":"tag-news","17":"tag-provence-alpes-cote-dazur","18":"tag-republique-francaise","19":"tag-street-art"},"share_on_mastodon":{"url":"https:\/\/pubeurope.com\/@fr\/114597267040834015","error":""},"_links":{"self":[{"href":"https:\/\/www.europesays.com\/fr\/wp-json\/wp\/v2\/posts\/139420","targetHints":{"allow":["GET"]}}],"collection":[{"href":"https:\/\/www.europesays.com\/fr\/wp-json\/wp\/v2\/posts"}],"about":[{"href":"https:\/\/www.europesays.com\/fr\/wp-json\/wp\/v2\/types\/post"}],"author":[{"embeddable":true,"href":"https:\/\/www.europesays.com\/fr\/wp-json\/wp\/v2\/users\/2"}],"replies":[{"embeddable":true,"href":"https:\/\/www.europesays.com\/fr\/wp-json\/wp\/v2\/comments?post=139420"}],"version-history":[{"count":0,"href":"https:\/\/www.europesays.com\/fr\/wp-json\/wp\/v2\/posts\/139420\/revisions"}],"wp:featuredmedia":[{"embeddable":true,"href":"https:\/\/www.europesays.com\/fr\/wp-json\/wp\/v2\/media\/139421"}],"wp:attachment":[{"href":"https:\/\/www.europesays.com\/fr\/wp-json\/wp\/v2\/media?parent=139420"}],"wp:term":[{"taxonomy":"category","embeddable":true,"href":"https:\/\/www.europesays.com\/fr\/wp-json\/wp\/v2\/categories?post=139420"},{"taxonomy":"post_tag","embeddable":true,"href":"https:\/\/www.europesays.com\/fr\/wp-json\/wp\/v2\/tags?post=139420"}],"curies":[{"name":"wp","href":"https:\/\/api.w.org\/{rel}","templated":true}]}}