{"id":139422,"date":"2025-05-30T14:31:11","date_gmt":"2025-05-30T14:31:11","guid":{"rendered":"https:\/\/www.europesays.com\/fr\/139422\/"},"modified":"2025-05-30T14:31:11","modified_gmt":"2025-05-30T14:31:11","slug":"cette-celebre-marque-de-mode-responsable-pour-femmes-arrive-a-lyon","status":"publish","type":"post","link":"https:\/\/www.europesays.com\/fr\/139422\/","title":{"rendered":"Cette c\u00e9l\u00e8bre marque de mode responsable pour femmes arrive \u00e0 Lyon"},"content":{"rendered":"<p>Cette c\u00e9l\u00e8bre marque de mode responsable pour femmes arrive \u00e0 Lyon &#8211; DR\/Balzac<\/p>\n<p itemprop=\"description\"><strong>La nouvelle devrait ravir les amatrices de mode.<\/strong><\/p>\n<p>Bient\u00f4t du nouveau du c\u00f4t\u00e9 de la Presqu\u2019\u00eele lyonnaise. Une nouvelle boutique s\u2019appr\u00eate \u00e0 ouvrir ses portes du c\u00f4t\u00e9 de la rue du pr\u00e9sident Edouard Herriot dans le 2e arrondissement.\u00a0<\/p>\n<p>La marque Balzac Paris va en effet poser ses valises prochainement \u00e0 Lyon. En plein essor, la marque de v\u00eatements, maroquinerie et accessoires de mode \u00e9thique pour les femmes n\u2019a jamais cach\u00e9 son intention de se d\u00e9velopper dans plusieurs villes fran\u00e7aises comme la capitale des Gaules apr\u00e8s des magasins \u00e0 Paris, Toulouse ou encore Gen\u00e8ve mais aussi un corner \u00e0 Annecy.<\/p>\n<p>Lanc\u00e9e en 2014 par la cr\u00e9atrice <strong>Chrysoline de Gastines<\/strong>, son mari <strong>Victorien de Gastines<\/strong> et <strong>Charles Fourmaux<\/strong>, la marque parisienne avait commenc\u00e9 par imaginer et vendre des n\u0153uds papillon sur-mesure avant de se tourner vers le pr\u00eat-\u00e0-porter f\u00e9minin et conna\u00eetre un succ\u00e8s important sur internet et sur les r\u00e9seaux sociaux. Il faut dire que Balzac Paris compte plus de 583 000 abonn\u00e9s sur Instagram.\u00a0<\/p>\n<p>Certains n\u2019ont d\u2019ailleurs pas manqu\u00e9 de partager la bonne nouvelle de cette prochaine nouveaut\u00e9 soulignant un d\u00e9tail. Ce premier magasin Balzac Paris \u00e0 Lyon se trouvera en effet en face d\u2019une autre marque tr\u00e8s populaire, \u00e0 savoir S\u00e9zane. La date d\u2019ouverture n\u2019est pour l\u2019instant pas connue\u2026 \u00ab\u00a0Opening soon\u00a0\u00bb, peut-on seulement lire pour le moment.<\/p>\n<p style=\"text-align:center\"><img loading=\"lazy\" decoding=\"async\" alt=\"\" height=\"540\" src=\"https:\/\/www.europesays.com\/fr\/wp-content\/uploads\/2025\/05\/balzac-screen-shot1.jpg\" width=\"300\"\/><\/p>\n","protected":false},"excerpt":{"rendered":"Cette c\u00e9l\u00e8bre marque de mode responsable pour femmes arrive \u00e0 Lyon &#8211; DR\/Balzac La nouvelle devrait ravir les&hellip;\n","protected":false},"author":2,"featured_media":139423,"comment_status":"","ping_status":"","sticky":false,"template":"","format":"standard","meta":{"footnotes":""},"categories":[1889],"tags":[1111,11,2813,2190,2430,1109,251,1112,2811,1777,674,118,1294,4651,1011,27,1922,1110,1114,2428,4903,4902,12,241,316,25,2812,517,800],"class_list":{"0":"post-139422","1":"post","2":"type-post","3":"status-publish","4":"format-standard","5":"has-post-thumbnail","7":"category-lyon","8":"tag-actu","9":"tag-actualites","10":"tag-article","11":"tag-asvel","12":"tag-auvergne-rhone-alpes","13":"tag-breves","14":"tag-culture","15":"tag-depeches","16":"tag-economique","17":"tag-eu","18":"tag-europe","19":"tag-faits-divers","20":"tag-femme","21":"tag-femmes","22":"tag-fr","23":"tag-france","24":"tag-info","25":"tag-informations","26":"tag-infos","27":"tag-lyon","28":"tag-lyonfemme","29":"tag-lyonfemmes","30":"tag-news","31":"tag-ol","32":"tag-politique","33":"tag-republique-francaise","34":"tag-sociale","35":"tag-sport","36":"tag-transports"},"share_on_mastodon":{"url":"https:\/\/pubeurope.com\/@fr\/114597270917356019","error":""},"_links":{"self":[{"href":"https:\/\/www.europesays.com\/fr\/wp-json\/wp\/v2\/posts\/139422","targetHints":{"allow":["GET"]}}],"collection":[{"href":"https:\/\/www.europesays.com\/fr\/wp-json\/wp\/v2\/posts"}],"about":[{"href":"https:\/\/www.europesays.com\/fr\/wp-json\/wp\/v2\/types\/post"}],"author":[{"embeddable":true,"href":"https:\/\/www.europesays.com\/fr\/wp-json\/wp\/v2\/users\/2"}],"replies":[{"embeddable":true,"href":"https:\/\/www.europesays.com\/fr\/wp-json\/wp\/v2\/comments?post=139422"}],"version-history":[{"count":0,"href":"https:\/\/www.europesays.com\/fr\/wp-json\/wp\/v2\/posts\/139422\/revisions"}],"wp:featuredmedia":[{"embeddable":true,"href":"https:\/\/www.europesays.com\/fr\/wp-json\/wp\/v2\/media\/139423"}],"wp:attachment":[{"href":"https:\/\/www.europesays.com\/fr\/wp-json\/wp\/v2\/media?parent=139422"}],"wp:term":[{"taxonomy":"category","embeddable":true,"href":"https:\/\/www.europesays.com\/fr\/wp-json\/wp\/v2\/categories?post=139422"},{"taxonomy":"post_tag","embeddable":true,"href":"https:\/\/www.europesays.com\/fr\/wp-json\/wp\/v2\/tags?post=139422"}],"curies":[{"name":"wp","href":"https:\/\/api.w.org\/{rel}","templated":true}]}}