{"id":139424,"date":"2025-05-30T14:32:14","date_gmt":"2025-05-30T14:32:14","guid":{"rendered":"https:\/\/www.europesays.com\/fr\/139424\/"},"modified":"2025-05-30T14:32:14","modified_gmt":"2025-05-30T14:32:14","slug":"plus-dun-tiers-des-elus-de-la-metropole-appellent-a-une-zfe-plus-humaine-et-adaptee","status":"publish","type":"post","link":"https:\/\/www.europesays.com\/fr\/139424\/","title":{"rendered":"plus d\u2019un tiers des \u00e9lus de la M\u00e9tropole appellent \u00e0 une ZFE plus \u00ab\u00a0humaine et adapt\u00e9e\u00a0\u00bb"},"content":{"rendered":"<p>Les \u00e9lus des trois groupes d\u2019opposition, r\u00e9unis en vue des \u00e9lections m\u00e9tropolitaines de mars\u00a02026, se sont exprim\u00e9s \u00e0 la suite du vote de mercredi, \u00e0 l\u2019Assembl\u00e9e nationale, visant \u00e0 supprimer les zones \u00e0 faibles \u00e9missions partout sur le territoire national.<\/p>\n<p>  \u00ab\u00a0Engager une transition juste, r\u00e9aliste et durable\u00a0\u00bb<\/p>\n<p>Dans un communiqu\u00e9 commun, publi\u00e9 ce vendredi 30\u00a0mai, La M\u00e9tro positive, Inventer la M\u00e9tropole de demain et Synergies \u00e9lus et citoyens &#8211; repr\u00e9sent\u00e9s respectivement par Gilles Gascon, Nicole Sibeud et Marc Grivel &#8211; reviennent sur leurs diff\u00e9rentes alertes concernant une ZFE \u00ab\u00a0injuste, inefficace et mal con\u00e7ue\u00a0\u00bb.<\/p>\n<p>Si les trois groupes, rassemblant 56 des 150 \u00e9lus m\u00e9tropolitains, n\u2019y \u00e9taient pas oppos\u00e9s, ils avaient n\u00e9anmoins propos\u00e9 des \u00ab\u00a0d\u00e9rogations pour les soignants, agents de s\u00e9curit\u00e9, artisans\u00a0; une suspension le week-end et jours f\u00e9ri\u00e9s, un assouplissement pour les professionnels mobiles ou encore une diff\u00e9rentiation selon la desserte en transports collectifs\u00a0\u00bb.<\/p>\n<p>Autant de \u00ab\u00a0solutions\u00a0\u00bb balay\u00e9es par les \u00e9lus \u00e9cologistes, \u00ab\u00a0guid\u00e9s, d\u2019apr\u00e8s les pr\u00e9sidents de groupes, par un dogmatisme tel qu\u2019ils refusent toute discussion. [\u2026] Il est temps de tourner la page de l\u2019\u00e9cologie brutale, et d\u2019engager une transition juste, r\u00e9aliste et durable pour tous.\u00a0\u00bb<\/p>\n<p>Avant de r\u00e9it\u00e9rer\u00a0: \u00ab\u00a0Notre priorit\u00e9 reste la sant\u00e9 des habitants, qui ne se monnaye pas. Et pour cela, il faudra prendre les dispositions n\u00e9cessaires sur notre agglom\u00e9ration.\u00a0\u00bb<\/p>\n","protected":false},"excerpt":{"rendered":"Les \u00e9lus des trois groupes d\u2019opposition, r\u00e9unis en vue des \u00e9lections m\u00e9tropolitaines de mars\u00a02026, se sont exprim\u00e9s \u00e0&hellip;\n","protected":false},"author":2,"featured_media":139425,"comment_status":"","ping_status":"","sticky":false,"template":"","format":"standard","meta":{"footnotes":""},"categories":[1889],"tags":[1111,11,2430,3542,2757,436,1777,674,107,1011,27,2428,2756,12,316,1800,25,2429,71,2803],"class_list":{"0":"post-139424","1":"post","2":"type-post","3":"status-publish","4":"format-standard","5":"has-post-thumbnail","7":"category-lyon","8":"tag-actu","9":"tag-actualites","10":"tag-auvergne-rhone-alpes","11":"tag-circulation","12":"tag-edition-lyon-villeurbanne","13":"tag-environnement","14":"tag-eu","15":"tag-europe","16":"tag-fil-info","17":"tag-fr","18":"tag-france","19":"tag-lyon","20":"tag-lyon-bassin","21":"tag-news","22":"tag-politique","23":"tag-pollution","24":"tag-republique-francaise","25":"tag-rhone","26":"tag-sante","27":"tag-transport"},"share_on_mastodon":{"url":"https:\/\/pubeurope.com\/@fr\/114597274733852168","error":""},"_links":{"self":[{"href":"https:\/\/www.europesays.com\/fr\/wp-json\/wp\/v2\/posts\/139424","targetHints":{"allow":["GET"]}}],"collection":[{"href":"https:\/\/www.europesays.com\/fr\/wp-json\/wp\/v2\/posts"}],"about":[{"href":"https:\/\/www.europesays.com\/fr\/wp-json\/wp\/v2\/types\/post"}],"author":[{"embeddable":true,"href":"https:\/\/www.europesays.com\/fr\/wp-json\/wp\/v2\/users\/2"}],"replies":[{"embeddable":true,"href":"https:\/\/www.europesays.com\/fr\/wp-json\/wp\/v2\/comments?post=139424"}],"version-history":[{"count":0,"href":"https:\/\/www.europesays.com\/fr\/wp-json\/wp\/v2\/posts\/139424\/revisions"}],"wp:featuredmedia":[{"embeddable":true,"href":"https:\/\/www.europesays.com\/fr\/wp-json\/wp\/v2\/media\/139425"}],"wp:attachment":[{"href":"https:\/\/www.europesays.com\/fr\/wp-json\/wp\/v2\/media?parent=139424"}],"wp:term":[{"taxonomy":"category","embeddable":true,"href":"https:\/\/www.europesays.com\/fr\/wp-json\/wp\/v2\/categories?post=139424"},{"taxonomy":"post_tag","embeddable":true,"href":"https:\/\/www.europesays.com\/fr\/wp-json\/wp\/v2\/tags?post=139424"}],"curies":[{"name":"wp","href":"https:\/\/api.w.org\/{rel}","templated":true}]}}