{"id":139428,"date":"2025-05-30T14:36:11","date_gmt":"2025-05-30T14:36:11","guid":{"rendered":"https:\/\/www.europesays.com\/fr\/139428\/"},"modified":"2025-05-30T14:36:11","modified_gmt":"2025-05-30T14:36:11","slug":"ou-voir-la-finale-de-la-ligue-des-champions-sur-ecran-geant","status":"publish","type":"post","link":"https:\/\/www.europesays.com\/fr\/139428\/","title":{"rendered":"o\u00f9 voir la finale de la Ligue des Champions sur \u00e9cran g\u00e9ant\u00a0?"},"content":{"rendered":"<p>            Par<br \/>\n        <strong><br \/>\n            <a href=\"https:\/\/actu.fr\/auteur\/clemence-pays02-actu-fr\" title=\"Consulter tous les articles de Cl\u00e9mence Pays\" rel=\"nofollow noopener\" target=\"_blank\">Cl\u00e9mence Pays<\/a><br \/>\n        <\/strong><\/p>\n<p>        Publi\u00e9 le<\/p>\n<p>            30 mai 2025 \u00e0 16h24        <\/p>\n<p>Bonne nouvelle pour les amateurs de football qui ne pourront pas se d\u00e9placer \u00e0 Munich pour assister \u00e0 la finale de la <a href=\"https:\/\/actu.fr\/tag\/ligue-des-champions\" rel=\"nofollow noopener\" target=\"_blank\">Ligue des Champions<\/a> 2025. \u00c0 Nantes, <strong>un \u00e9cran g\u00e9ant va \u00eatre install\u00e9<\/strong> pour permettre \u00e0 ceux qui le souhaitent de profiter du match entre le Paris Saint-Germain et l\u2019Inter, en direct.<\/p>\n<p class=\" wall-content\">La finale \u00e9tant pr\u00e9vue <strong>samedi 31\u00a0mai,<\/strong> cela co\u00efncide parfaitement avec la cl\u00f4ture du festival <a href=\"https:\/\/actu.fr\/pays-de-la-loire\/nantes_44109\/musique-humour-cuisine-decouvrez-ce-nouveau-festival-multiculturel-a-nantes_62236910.html\" rel=\"nofollow noopener\" target=\"_blank\">Euphoria<\/a>. Les organisateurs de l\u2019\u00e9v\u00e9nement culturel ont donc d\u00e9cid\u00e9 d\u2019ajouter une animation suppl\u00e9mentaire \u00e0 leur programme festif.<\/p>\n<p>Un chapiteau et des food-trucks<\/p>\n<p class=\" wall-content\">L\u2019\u00e9cran g\u00e9ant sera install\u00e9<strong> sous un grand chapiteau<\/strong> sur le site de Min de Rien, o\u00f9 se d\u00e9roulera La Grande Bouffe, \u00e9v\u00e9nement final du festival.<\/p>\n<p class=\" wall-content\">Sur place, des food-trucks seront install\u00e9s ainsi que des jeux XXL. De la musique et des animations sont \u00e9galement au programme. <strong>L\u2019entr\u00e9e est gratuite.<\/strong><\/p>\n<p class=\" wall-content\">Coup d\u2019envoi du match \u00e0 <strong>21\u2009h\u2009!<\/strong><\/p>\n<p>Vid\u00e9os : en ce moment sur Actu<\/p>\n<p><strong>Infos pratiques\u2009:<\/strong><br \/>La Grande Bouffe, le festin final d\u2019Euphoria, samedi 31\u00a0mai de 11\u2009h \u00e0 0\u2009h et dimanche 1er\u00a0juin, de 11\u2009h \u00e0 20\u2009h, au Min de Rein, 2 rue du S\u00e9n\u00e9gal, \u00e0 Nantes. Entr\u00e9e gratuite. Retransmission de la finale de la Ligue des Champions, samedi 31\u00a0mai, \u00e0 21\u2009h.<\/p>\n<p class=\" wall-content\">Suivez toute l\u2019actualit\u00e9 de vos villes et m\u00e9dias favoris en vous inscrivant \u00e0 <a href=\"https:\/\/moncompte.actu.fr\" title=\"D\u00e9couvez Mon Actu\" rel=\"nofollow noopener\" data-trk=\"{&quot;cta&quot;:{&quot;action&quot;:&quot;https:\\\/\\\/moncompte.actu.fr&quot;,&quot;category&quot;:&quot;mon compte&quot;,&quot;from&quot;:&quot;article footer&quot;,&quot;name&quot;:&quot;Mon actu&quot;,&quot;type&quot;:&quot;cta&quot;}}\" target=\"_blank\">Mon Actu<\/a>.<\/p>\n","protected":false},"excerpt":{"rendered":"Par Cl\u00e9mence Pays Publi\u00e9 le 30 mai 2025 \u00e0 16h24 Bonne nouvelle pour les amateurs de football qui&hellip;\n","protected":false},"author":2,"featured_media":20302,"comment_status":"","ping_status":"","sticky":false,"template":"","format":"standard","meta":{"footnotes":""},"categories":[1888],"tags":[1111,1928,11,1927,1777,674,63,1011,27,447,12,1926,626,1925,25,60],"class_list":{"0":"post-139428","1":"post","2":"type-post","3":"status-publish","4":"format-standard","5":"has-post-thumbnail","7":"category-paris","8":"tag-actu","9":"tag-actu-paris","10":"tag-actualites","11":"tag-actualites-paris","12":"tag-eu","13":"tag-europe","14":"tag-football","15":"tag-fr","16":"tag-france","17":"tag-ligue-des-champions","18":"tag-news","19":"tag-news-paris","20":"tag-paris","21":"tag-paris-news","22":"tag-republique-francaise","23":"tag-sports"},"share_on_mastodon":{"url":"https:\/\/pubeurope.com\/@fr\/114597290484845350","error":""},"_links":{"self":[{"href":"https:\/\/www.europesays.com\/fr\/wp-json\/wp\/v2\/posts\/139428","targetHints":{"allow":["GET"]}}],"collection":[{"href":"https:\/\/www.europesays.com\/fr\/wp-json\/wp\/v2\/posts"}],"about":[{"href":"https:\/\/www.europesays.com\/fr\/wp-json\/wp\/v2\/types\/post"}],"author":[{"embeddable":true,"href":"https:\/\/www.europesays.com\/fr\/wp-json\/wp\/v2\/users\/2"}],"replies":[{"embeddable":true,"href":"https:\/\/www.europesays.com\/fr\/wp-json\/wp\/v2\/comments?post=139428"}],"version-history":[{"count":0,"href":"https:\/\/www.europesays.com\/fr\/wp-json\/wp\/v2\/posts\/139428\/revisions"}],"wp:featuredmedia":[{"embeddable":true,"href":"https:\/\/www.europesays.com\/fr\/wp-json\/wp\/v2\/media\/20302"}],"wp:attachment":[{"href":"https:\/\/www.europesays.com\/fr\/wp-json\/wp\/v2\/media?parent=139428"}],"wp:term":[{"taxonomy":"category","embeddable":true,"href":"https:\/\/www.europesays.com\/fr\/wp-json\/wp\/v2\/categories?post=139428"},{"taxonomy":"post_tag","embeddable":true,"href":"https:\/\/www.europesays.com\/fr\/wp-json\/wp\/v2\/tags?post=139428"}],"curies":[{"name":"wp","href":"https:\/\/api.w.org\/{rel}","templated":true}]}}