{"id":139435,"date":"2025-05-30T14:40:08","date_gmt":"2025-05-30T14:40:08","guid":{"rendered":"https:\/\/www.europesays.com\/fr\/139435\/"},"modified":"2025-05-30T14:40:08","modified_gmt":"2025-05-30T14:40:08","slug":"vladimir-medinski-le-principal-negociateur-russe-sous-le-feu-des-projecteurs-a-moscou","status":"publish","type":"post","link":"https:\/\/www.europesays.com\/fr\/139435\/","title":{"rendered":"Vladimir Medinski, le principal n\u00e9gociateur russe, sous le feu des projecteurs \u00e0 Moscou"},"content":{"rendered":"\n<p>\u00c0 quelques jours du deuxi\u00e8me round des n\u00e9gociations russo-ukrainiennes, pr\u00e9vues lundi 2\u00a0juin \u00e0 Istanbul, Vladimir Medinski, le principal n\u00e9gociateur de Moscou, a beaucoup fait parler de lui. Le 27\u00a0mai, en marge d\u2019une conf\u00e9rence de presse conjointe avec son homologue turc Hakan Fidan, le ministre des Affaires \u00e9trang\u00e8res Sergue\u00ef Lavrov a tout d\u2019abord d\u00e9menti la rumeur que les Am\u00e9ricains avaient fait pression pour que Medinski soit remplac\u00e9 \u00e0 la t\u00eate de la d\u00e9l\u00e9gation russe \u00e0 cause de son intransigeance, <a class=\"ithalc\" data-ithal=\"lien_externe\" data-ithalc=\"[nav_article]\" target=\"_blank\" href=\"https:\/\/www.rbc.ru\/politics\/27\/05\/2025\/683594b69a794707a19cb4da\" rel=\"nofollow noopener\">rappelle l\u2019agence \u00e9conomique <strong>RBK<\/strong> de Moscou<\/a>.<\/p>\n<p>Regrettant l\u2019absence d\u2019officiels de plus haut rang lors de la premi\u00e8re rencontre en Turquie, c\u2019\u00e9taient les Ukrainiens qui avaient protest\u00e9 contre sa pr\u00e9sence, le pr\u00e9sident Volodymyr Zelensky qualifiant m\u00eame de \u201cpure fa\u00e7ade\u201d la composition de la d\u00e9l\u00e9gation russe. \u201cAi-je besoin de rappeler que c\u2019est le pr\u00e9sident Poutine et personne d\u2019autre qui d\u00e9termine qui doit conduire notre d\u00e9l\u00e9gation \u00e0 Istanbul\u00a0?\u201d s\u2019est indign\u00e9 le chef de la diplomatie russe, cit\u00e9 par RBK. Par la suite, la porte-parole du minist\u00e8re des Affaires \u00e9trang\u00e8res, Maria Zakharova, a confirm\u00e9 que la composition de l\u2019\u00e9quipe de n\u00e9gociateurs russes restait \u201cinchang\u00e9e\u201d.<\/p>\n<p> Des menaces contre le principal n\u00e9gociateur russe\u00a0? <\/p>\n<p>Mais le 29\u00a0ma<\/p>\n","protected":false},"excerpt":{"rendered":"\u00c0 quelques jours du deuxi\u00e8me round des n\u00e9gociations russo-ukrainiennes, pr\u00e9vues lundi 2\u00a0juin \u00e0 Istanbul, Vladimir Medinski, le principal&hellip;\n","protected":false},"author":2,"featured_media":139436,"comment_status":"","ping_status":"","sticky":false,"template":"","format":"standard","meta":{"footnotes":""},"categories":[1591],"tags":[11,674,1887,1892,131,12,1885,1886,132,220],"class_list":{"0":"post-139435","1":"post","2":"type-post","3":"status-publish","4":"format-standard","5":"has-post-thumbnail","7":"category-russie","8":"tag-actualites","9":"tag-europe","10":"tag-federation-de-russie","11":"tag-gu00e9opolitique","12":"tag-guerre-en-ukraine","13":"tag-news","14":"tag-russia","15":"tag-russian-federation","16":"tag-russie","17":"tag-ukraine"},"share_on_mastodon":{"url":"https:\/\/pubeurope.com\/@fr\/114597306222452261","error":""},"_links":{"self":[{"href":"https:\/\/www.europesays.com\/fr\/wp-json\/wp\/v2\/posts\/139435","targetHints":{"allow":["GET"]}}],"collection":[{"href":"https:\/\/www.europesays.com\/fr\/wp-json\/wp\/v2\/posts"}],"about":[{"href":"https:\/\/www.europesays.com\/fr\/wp-json\/wp\/v2\/types\/post"}],"author":[{"embeddable":true,"href":"https:\/\/www.europesays.com\/fr\/wp-json\/wp\/v2\/users\/2"}],"replies":[{"embeddable":true,"href":"https:\/\/www.europesays.com\/fr\/wp-json\/wp\/v2\/comments?post=139435"}],"version-history":[{"count":0,"href":"https:\/\/www.europesays.com\/fr\/wp-json\/wp\/v2\/posts\/139435\/revisions"}],"wp:featuredmedia":[{"embeddable":true,"href":"https:\/\/www.europesays.com\/fr\/wp-json\/wp\/v2\/media\/139436"}],"wp:attachment":[{"href":"https:\/\/www.europesays.com\/fr\/wp-json\/wp\/v2\/media?parent=139435"}],"wp:term":[{"taxonomy":"category","embeddable":true,"href":"https:\/\/www.europesays.com\/fr\/wp-json\/wp\/v2\/categories?post=139435"},{"taxonomy":"post_tag","embeddable":true,"href":"https:\/\/www.europesays.com\/fr\/wp-json\/wp\/v2\/tags?post=139435"}],"curies":[{"name":"wp","href":"https:\/\/api.w.org\/{rel}","templated":true}]}}