{"id":139446,"date":"2025-05-30T14:46:09","date_gmt":"2025-05-30T14:46:09","guid":{"rendered":"https:\/\/www.europesays.com\/fr\/139446\/"},"modified":"2025-05-30T14:46:09","modified_gmt":"2025-05-30T14:46:09","slug":"brigitte-lahaie-explique-pourquoi-elle-na-pas-eu-denfants-renee-zellweger-et-ant-anstead-sont-encore-ensemble","status":"publish","type":"post","link":"https:\/\/www.europesays.com\/fr\/139446\/","title":{"rendered":"Brigitte Lahaie explique pourquoi elle n\u2019a pas eu d\u2019enfants\u2026 Ren\u00e9e Zellweger et Ant Anstead sont encore ensemble\u2026"},"content":{"rendered":"<p><strong>FIL DES STARS &#8211; Toute l\u2019actu people est dans \u00ab 20 Minutes \u00bb<\/strong><\/p>\n<p>30 mai 2025<\/p>\n<p>Brigitte Lahaie explique pourquoi elle n\u2019a pas eu d\u2019enfants<\/p>\n<p>L\u2019ex-star de films \u00e9rotiques n\u2019a jamais eu d\u2019enfants. Mais elle n\u2019<a href=\"https:\/\/www.20minutes.fr\/societe\/2354695-20181015-apres-metoo-balancetonporc-brigitte-lahaie-denonce-feminisme-contre-hommes?at_medium=RSS%20feed&amp;at_campaign=ynews&amp;utm_source=yahoo&amp;utm_medium=rss&amp;utm_campaign=news_feed&amp;utm_content=in_article_link\" rel=\"nofollow noopener\" target=\"_blank\" data-ylk=\"slk:en \u00e9prouve;elm:context_link;itc:0;sec:content-canvas\" class=\"link \">en \u00e9prouve<\/a> aucun ! \u00ab J\u2019y ai r\u00e9fl\u00e9chi vers 35 ans, avant que ce soit trop tard. Je me suis vraiment demand\u00e9 si j\u2019en avais envie, et la r\u00e9ponse \u00e9tait non \u00bb, a ainsi <a href=\"https:\/\/www.gala.fr\/l_actu\/news_de_stars\/exclu-brigitte-lahaie-pourquoi-elle-n-a-jamais-eu-d-enfants-j-y-ai-reflechi-mais-20250530?at_medium=RSS%20feed&amp;at_campaign=ynews&amp;utm_source=yahoo&amp;utm_medium=rss&amp;utm_campaign=news_feed&amp;utm_content=in_article_link\" rel=\"nofollow noopener\" target=\"_blank\" data-ylk=\"slk:confi\u00e9;elm:context_link;itc:0;sec:content-canvas\" class=\"link \">confi\u00e9<\/a> l\u2019animatrice de 68 ans \u00e0 Gala.<\/p>\n<p>Et si elle s\u2019est demand\u00e9 un temps si elle allait \u00ab passer \u00e0 c\u00f4t\u00e9 de quelque chose \u00bb, la maternit\u00e9 repr\u00e9sente tout de m\u00eame selon elle \u00ab une grande entrave \u00e0 la libert\u00e9 \u00bb. \u00ab Je crois que j\u2019\u00e9tais trop libre pour \u00e7a \u00bb, constate <a href=\"https:\/\/www.20minutes.fr\/arts-stars\/people\/4093075-20240527-brigitte-lahaie-revele-avoir-vecu-romance-johnny-hallyday?at_medium=RSS%20feed&amp;at_campaign=ynews&amp;utm_source=yahoo&amp;utm_medium=rss&amp;utm_campaign=news_feed&amp;utm_content=in_article_link\" rel=\"nofollow noopener\" target=\"_blank\" data-ylk=\"slk:Brigitte Lahaie;elm:context_link;itc:0;sec:content-canvas\" class=\"link \">Brigitte Lahaie<\/a>, tout simplement.<\/p>\n<p>Shakira annule son concert \u00e0 Boston \u00e0 la derni\u00e8re minute<\/p>\n<p>Les fans de Shakira \u00e0 Boston se faisaient une joie d\u2019aller applaudir la star. Mais quelques heures avant l\u2019ouverture des portes, Live Nation a annonc\u00e9 l\u2019annulation de l\u2019\u00e9v\u00e9nement \u00ab en raison de circonstances impr\u00e9vues \u00bb, tout comme ceux \u00ab de Jason Aldean et Brooks &amp; Dunn initialement pr\u00e9vus les 29 et 30 mai \u00e0 Fenway Park \u00bb. Alors non, la chanteuse n\u2019a pas attrap\u00e9 la rougeole apr\u00e8s un pr\u00e9c\u00e9dent concert o\u00f9 une personne \u00e9tait porteuse du virus, faisant <a href=\"https:\/\/www.20minutes.fr\/sante\/4154700-20250521-spectateur-concert-shakira-new-jersey-rougeole-contamination-massive-redoutee?at_medium=RSS%20feed&amp;at_campaign=ynews&amp;utm_source=yahoo&amp;utm_medium=rss&amp;utm_campaign=news_feed&amp;utm_content=in_article_link\" rel=\"nofollow noopener\" target=\"_blank\" data-ylk=\"slk:craindre une contamination;elm:context_link;itc:0;sec:content-canvas\" class=\"link \">craindre une contamination<\/a> massive.<\/p>\n<p>Selon le <a href=\"https:\/\/whdh.com\/news\/7news-sources-concerts-at-fenway-park-canceled-due-to-stage-safety-concerns\/?at_medium=RSS%20feed&amp;at_campaign=ynews&amp;utm_source=yahoo&amp;utm_medium=rss&amp;utm_campaign=news_feed&amp;utm_content=in_article_link\" rel=\"nofollow noopener\" target=\"_blank\" data-ylk=\"slk:m\u00e9dia local;elm:context_link;itc:0;sec:content-canvas\" class=\"link \">m\u00e9dia local<\/a> 7News, les concerts ont simplement \u00e9t\u00e9 annul\u00e9s \u00e0 la suite d\u2019une inspection de la ville qui aurait mis au jour un probl\u00e8me de s\u00e9curit\u00e9 au niveau de la sc\u00e8ne. C\u2019est la poisse pour la star, qui a d\u00e9j\u00e0 d\u00fb interrompre sa tourn\u00e9e apr\u00e8s une <a href=\"https:\/\/www.20minutes.fr\/monde\/4139271-20250217-perou-admise-douleurs-abdominales-shakira-sortie-hopital)?at_medium=RSS%20feed&amp;at_campaign=ynews&amp;utm_source=yahoo&amp;utm_medium=rss&amp;utm_campaign=news_feed&amp;utm_content=in_article_link\" rel=\"nofollow noopener\" target=\"_blank\" data-ylk=\"slk:urgence m\u00e9dicale;elm:context_link;itc:0;sec:content-canvas\" class=\"link \">urgence m\u00e9dicale<\/a> en f\u00e9vrier !<\/p>\n<p>Non, Ren\u00e9e Zellweger et Ant Anstead ne sont pas s\u00e9par\u00e9s<\/p>\n<p>Ren\u00e9e Zellweger(&#8230;)<\/p>\n<p><a href=\"https:\/\/www.20minutes.fr\/arts-stars\/people\/4156119-20250530-brigitte-lahaie-explique-pourquoi-enfants-renee-zellweger-ant-anstead-encore-ensemble?at_medium=RSS%20feed&amp;at_campaign=ynews&amp;utm_source=yahoo&amp;utm_medium=rss&amp;utm_campaign=news_feed&amp;utm_content=read_more_link\" rel=\"nofollow noopener\" target=\"_blank\" data-ylk=\"slk:Lire la suite sur 20minutes;elm:context_link;itc:0;sec:content-canvas\" class=\"link \">Lire la suite sur 20minutes<\/a><\/p>\n<p>\u00c0 lire aussi :<br \/><a href=\"https:\/\/www.20minutes.fr\/arts-stars\/people\/4144497-20250322-scarlett-johansson-explique-pourquoi-refuse-selfies-fans-dehors-apparitions-promo?at_medium=RSS%20feed&amp;at_campaign=ynews&amp;utm_source=yahoo&amp;utm_medium=rss&amp;utm_campaign=news_feed&amp;utm_content=related_content_link\" rel=\"nofollow noopener\" target=\"_blank\" data-ylk=\"slk:Scarlett Johansson explique pourquoi elle refuse les selfies avec les fans en dehors de ses apparitions promo;elm:context_link;itc:0;sec:content-canvas\" class=\"link \">Scarlett Johansson explique pourquoi elle refuse les selfies avec les fans en dehors de ses apparitions promo<\/a><br \/><a href=\"https:\/\/www.20minutes.fr\/arts-stars\/cinema\/4139971-20250221-plus-faible-demarrage-saga-bridget-jones-4e-volet?at_medium=RSS%20feed&amp;at_campaign=ynews&amp;utm_source=yahoo&amp;utm_medium=rss&amp;utm_campaign=news_feed&amp;utm_content=related_content_link\" rel=\"nofollow noopener\" target=\"_blank\" data-ylk=\"slk:Plus faible d\u00e9marrage de la saga \u00ab Bridget Jones \u00bb pour le 4e volet;elm:context_link;itc:0;sec:content-canvas\" class=\"link \">Plus faible d\u00e9marrage de la saga \u00ab Bridget Jones \u00bb pour le 4e volet<\/a><\/p>\n","protected":false},"excerpt":{"rendered":"FIL DES STARS &#8211; Toute l\u2019actu people est dans \u00ab 20 Minutes \u00bb 30 mai 2025 Brigitte Lahaie&hellip;\n","protected":false},"author":2,"featured_media":139447,"comment_status":"","ping_status":"","sticky":false,"template":"","format":"standard","meta":{"footnotes":""},"categories":[1586],"tags":[642,11,26614,1777,674,1779,26615,1011,27,12,26616,25,1778,364],"class_list":{"0":"post-139446","1":"post","2":"type-post","3":"status-publish","4":"format-standard","5":"has-post-thumbnail","7":"category-europe","8":"tag-20-minutes","9":"tag-actualites","10":"tag-brigitte-lahaie","11":"tag-eu","12":"tag-europe","13":"tag-european-union","14":"tag-films-erotiques","15":"tag-fr","16":"tag-france","17":"tag-news","18":"tag-renee-zellweger","19":"tag-republique-francaise","20":"tag-ue","21":"tag-union-europeenne"},"share_on_mastodon":{"url":"https:\/\/pubeurope.com\/@fr\/114597329878061500","error":""},"_links":{"self":[{"href":"https:\/\/www.europesays.com\/fr\/wp-json\/wp\/v2\/posts\/139446","targetHints":{"allow":["GET"]}}],"collection":[{"href":"https:\/\/www.europesays.com\/fr\/wp-json\/wp\/v2\/posts"}],"about":[{"href":"https:\/\/www.europesays.com\/fr\/wp-json\/wp\/v2\/types\/post"}],"author":[{"embeddable":true,"href":"https:\/\/www.europesays.com\/fr\/wp-json\/wp\/v2\/users\/2"}],"replies":[{"embeddable":true,"href":"https:\/\/www.europesays.com\/fr\/wp-json\/wp\/v2\/comments?post=139446"}],"version-history":[{"count":0,"href":"https:\/\/www.europesays.com\/fr\/wp-json\/wp\/v2\/posts\/139446\/revisions"}],"wp:featuredmedia":[{"embeddable":true,"href":"https:\/\/www.europesays.com\/fr\/wp-json\/wp\/v2\/media\/139447"}],"wp:attachment":[{"href":"https:\/\/www.europesays.com\/fr\/wp-json\/wp\/v2\/media?parent=139446"}],"wp:term":[{"taxonomy":"category","embeddable":true,"href":"https:\/\/www.europesays.com\/fr\/wp-json\/wp\/v2\/categories?post=139446"},{"taxonomy":"post_tag","embeddable":true,"href":"https:\/\/www.europesays.com\/fr\/wp-json\/wp\/v2\/tags?post=139446"}],"curies":[{"name":"wp","href":"https:\/\/api.w.org\/{rel}","templated":true}]}}