{"id":139450,"date":"2025-05-30T14:48:10","date_gmt":"2025-05-30T14:48:10","guid":{"rendered":"https:\/\/www.europesays.com\/fr\/139450\/"},"modified":"2025-05-30T14:48:10","modified_gmt":"2025-05-30T14:48:10","slug":"israel-accuse-emmanuel-macron-detre-en-croisade-contre-letat-juif-2","status":"publish","type":"post","link":"https:\/\/www.europesays.com\/fr\/139450\/","title":{"rendered":"Isra\u00ebl accuse Emmanuel Macron d&rsquo;\u00eatre en \u00abcroisade contre l&rsquo;\u00c9tat juif\u00bb"},"content":{"rendered":"<p>Le minist\u00e8re isra\u00e9lien des Affaires \u00e9trang\u00e8res a \u00e9trill\u00e9 vendredi le pr\u00e9sident fran\u00e7ais, alors qu\u2019au m\u00eame moment le minist\u00e8re de la d\u00e9fense critiquait \u00abMacron et ses amis\u00bb qui veulent reconna\u00eetre un \u00c9tat palestinien.<\/p>\n<p class=\"fig-paragraph\">Le minist\u00e8re isra\u00e9lien des Affaires \u00e9trang\u00e8res a accus\u00e9 vendredi 30 mai 2025\u00a0<a href=\"http:\/\/www.lefigaro.fr\/international\/le-papier-sera-jete-a-la-poubelle-de-l-histoire-la-colere-d-un-ministre-israelien-contre-macron-et-ses-amis-20250530\" data-fig-type=\"NewsFlash\" data-gtm-custom-categorie=\"navigation\" data-gtm-custom-action=\"crossclick\" data-gtm-custom-label=\"Contextuel\" data-gtm-event=\"customEventSPE\" data-fig-domain=\"LEFIGARO\" rel=\"nofollow noopener\" target=\"_blank\">le pr\u00e9sident fran\u00e7ais<\/a>\u00a0d&rsquo;\u00eatre en \u00abcroisade contre l&rsquo;\u00c9tat juif\u00bb, apr\u00e8s l&rsquo;appel qu&rsquo;il a lanc\u00e9 \u00e0 la communaut\u00e9 internationale \u00e0 durcir sa position \u00e0 l&rsquo;\u00e9gard d&rsquo;<a href=\"https:\/\/www.lefigaro.fr\/tag\/israel\" target=\"_blank\" rel=\"noopener nofollow\" data-gtm-custom-categorie=\"navigation\" data-gtm-custom-action=\"crossclick\" data-gtm-custom-label=\"Contextuel\" data-gtm-event=\"customEventSPE\">Isra\u00ebl<\/a>\u00a0si la situation humanitaire \u00e0\u00a0<a href=\"http:\/\/www.lefigaro.fr\/international\/bombardements-crise-humanitaire-negociations-incertaines-a-gaza-plus-de-600-jours-depuis-le-7-octobre-2023-20250529\" data-fig-type=\"Article\" data-gtm-custom-categorie=\"navigation\" data-gtm-custom-action=\"crossclick\" data-gtm-custom-label=\"Contextuel\" data-gtm-event=\"customEventSPE\" data-fig-domain=\"LEFIGARO\" rel=\"nofollow noopener\" target=\"_blank\">Gaza\u00a0<\/a>ne s&rsquo;am\u00e9liorait pas.<\/p>\n<p class=\"fig-paragraph\">\u00abIl n&rsquo;y a pas de blocus humanitaire. C&rsquo;est un mensonge flagrant\u00bb, a d\u00e9clar\u00e9 le minist\u00e8re dans un communiqu\u00e9, d\u00e9fendant ses efforts pour permettre l&rsquo;acheminement de l&rsquo;aide dans le territoire palestinien. \u00abMais au lieu de faire pression sur les terroristes djihadistes, Macron veut les r\u00e9compenser en leur donnant un \u00c9tat palestinien. Il ne fait aucun doute que sa f\u00eate nationale sera le 7 octobre\u00bb, a-t-il ajout\u00e9 en r\u00e9f\u00e9rence au 7 octobre 2023, jour de l&rsquo;attaque sans pr\u00e9c\u00e9dent du mouvement islamiste palestinien Hamas en Isra\u00ebl, qui a d\u00e9clench\u00e9 la guerre \u00e0 Gaza.<\/p>\n<p class=\"fig-body-cta-link\" data-module=\"fig-cta-link\" data-context=\"was @visible\">\n    <a class=\"fig-body-cta-link__link\" href=\"https:\/\/www.lefigaro.fr\/international\/direct-israel-palestine-macron-france-etat-juif-20250530\" target=\"_self\" rel=\"follow nofollow noopener\" data-js-gtm=\"{&quot;event&quot;:&quot;customEventGA4&quot;,&quot;eventName&quot;:&quot;click_navigation&quot;,&quot;button_action&quot;:&quot;crossclick&quot;,&quot;feature&quot;:&quot;Contextuel_bouton&quot;,&quot;feature_details&quot;:&quot;SUIVEZ NOTRE DIRECT&quot;,&quot;link_url&quot;:&quot;https:\\\/\\\/www.lefigaro.fr\\\/international\\\/direct-israel-palestine-macron-france-etat-juif-20250530&quot;}\"><br \/>\n                SUIVEZ NOTRE DIRECT<br \/>\n    <\/a>\n<\/p>\n<p class=\"fig-paragraph\">Plus d\u2019informations \u00e0 venir &#8230;<\/p>\n","protected":false},"excerpt":{"rendered":"Le minist\u00e8re isra\u00e9lien des Affaires \u00e9trang\u00e8res a \u00e9trill\u00e9 vendredi le pr\u00e9sident fran\u00e7ais, alors qu\u2019au m\u00eame moment le minist\u00e8re&hellip;\n","protected":false},"author":2,"featured_media":139451,"comment_status":"","ping_status":"","sticky":false,"template":"","format":"standard","meta":{"footnotes":""},"categories":[2],"tags":[259,11,260,3448,3259,1073,1011,27,665,14,664,261,12,262,25],"class_list":{"0":"post-139450","1":"post","2":"type-post","3":"status-publish","4":"format-standard","5":"has-post-thumbnail","7":"category-actualites","8":"tag-actualite-internationale","9":"tag-actualites","10":"tag-affaires-etrangeres","11":"tag-benjamin-netanyahou","12":"tag-conflit-israelo-palestinien","13":"tag-emmanuel-macron","14":"tag-fr","15":"tag-france","16":"tag-gaza","17":"tag-international","18":"tag-israel","19":"tag-ministere-des-affaires-etrangeres","20":"tag-news","21":"tag-politique-etrangere","22":"tag-republique-francaise"},"share_on_mastodon":{"url":"https:\/\/pubeurope.com\/@fr\/114597337735907011","error":""},"_links":{"self":[{"href":"https:\/\/www.europesays.com\/fr\/wp-json\/wp\/v2\/posts\/139450","targetHints":{"allow":["GET"]}}],"collection":[{"href":"https:\/\/www.europesays.com\/fr\/wp-json\/wp\/v2\/posts"}],"about":[{"href":"https:\/\/www.europesays.com\/fr\/wp-json\/wp\/v2\/types\/post"}],"author":[{"embeddable":true,"href":"https:\/\/www.europesays.com\/fr\/wp-json\/wp\/v2\/users\/2"}],"replies":[{"embeddable":true,"href":"https:\/\/www.europesays.com\/fr\/wp-json\/wp\/v2\/comments?post=139450"}],"version-history":[{"count":0,"href":"https:\/\/www.europesays.com\/fr\/wp-json\/wp\/v2\/posts\/139450\/revisions"}],"wp:featuredmedia":[{"embeddable":true,"href":"https:\/\/www.europesays.com\/fr\/wp-json\/wp\/v2\/media\/139451"}],"wp:attachment":[{"href":"https:\/\/www.europesays.com\/fr\/wp-json\/wp\/v2\/media?parent=139450"}],"wp:term":[{"taxonomy":"category","embeddable":true,"href":"https:\/\/www.europesays.com\/fr\/wp-json\/wp\/v2\/categories?post=139450"},{"taxonomy":"post_tag","embeddable":true,"href":"https:\/\/www.europesays.com\/fr\/wp-json\/wp\/v2\/tags?post=139450"}],"curies":[{"name":"wp","href":"https:\/\/api.w.org\/{rel}","templated":true}]}}