{"id":139459,"date":"2025-05-30T14:55:11","date_gmt":"2025-05-30T14:55:11","guid":{"rendered":"https:\/\/www.europesays.com\/fr\/139459\/"},"modified":"2025-05-30T14:55:11","modified_gmt":"2025-05-30T14:55:11","slug":"rins-a-eu-le-meme-souci-de-holeshot-device-que-quartararo","status":"publish","type":"post","link":"https:\/\/www.europesays.com\/fr\/139459\/","title":{"rendered":"Rins a eu le m\u00eame souci de holeshot device que Quartararo"},"content":{"rendered":"<p><a href=\"https:\/\/fr.motorsport.com\/driver\/fabio-quartararo\/109400\/\" target=\"_blank\" rel=\"noopener\">Fabio Quartararo<\/a> a vu une probable victoire s&rsquo;envoler avec la casse de son variateur de hauteur arri\u00e8re sur la Yamaha \u00e0 Silverstone. Il ne s&rsquo;agissait pas d&rsquo;un cas isol\u00e9 puisque sur la seconde machine officielle, <a href=\"https:\/\/fr.motorsport.com\/driver\/alex-rins\/109402\/\" target=\"_blank\" rel=\"noopener\">\u00c1lex Rins<\/a> a connu exactement le m\u00eame probl\u00e8me, avec plus de chance puisqu&rsquo;il est survenu \u00e0 quelques virages de l&rsquo;arriv\u00e9e.<\/p>\n<p>Apr\u00e8s une course difficile, Rins \u00e9tait remont\u00e9 en 13e position en fin d&rsquo;\u00e9preuve, et m\u00eame si la panne sur son holeshot device a permis \u00e0 <a href=\"https:\/\/fr.motorsport.com\/driver\/raul-fernandez\/443094\/\" target=\"_blank\" rel=\"noopener\">Ra\u00fal Fern\u00e1ndez<\/a> et <a href=\"https:\/\/fr.motorsport.com\/driver\/brad-binder\/109383\/\" target=\"_blank\" rel=\"noopener\">Brad Binder<\/a> de le doubler, il a pu finir la course.<\/p>\n<p>\u00ab\u00a0J&rsquo;ai eu le m\u00eame probl\u00e8me que Fabio\u00a0\u00bb, a expliqu\u00e9 Rins. \u00ab\u00a0Dans le dernier tour, le mien s&rsquo;est cass\u00e9. Du milieu \u00e0 la fin de la course, j&rsquo;avais du mal, je mettais beaucoup de pression sur l&rsquo;avant pour qu&rsquo;il se d\u00e9senclenche. Disons que j&rsquo;ai \u00e9t\u00e9 chanceux que \u00e7a arrive dans le dernier tour. [&#8230;] \u00c7a m&rsquo;est arriv\u00e9 dans le dernier tour, dans les trois derniers virages. J&rsquo;ai \u00e9t\u00e9 doubl\u00e9 par Fern\u00e1ndez et Binder.\u00a0\u00bb<\/p>\n<p>\u00ab\u00a0Il faut qu&rsquo;ils fassent des analyses parce que si les deux motos ont le variateur qui se casse dans la m\u00eame course, ce n&rsquo;est pas [norma|].\u00a0\u00bb<\/p>\n<p>   <img decoding=\"async\" draggable=\"false\" src=\"https:\/\/www.europesays.com\/fr\/wp-content\/uploads\/2025\/05\/1748616911_425_alex-rins-yamaha-factory-racin.jpg\" alt=\"Alex Rins, Yamaha Factory Racing\" width=\"1200\" height=\"800\" loading=\"lazy\"\/> <\/p>\n<p class=\"title\">\u00c1lex Rins<\/p>\n<p class=\"photographer\">Photo de: Yamaha MotoGP<\/p>\n<p>Massimo Meregalli, directeur de l&rsquo;\u00e9quipe Yamaha officielle, a \u00e9voqu\u00e9 un \u00ab\u00a0probl\u00e8me inhabituel\u00a0\u00bb sur la moto de Quartararo. Rins a pr\u00e9cis\u00e9 qu&rsquo;il avait rencontr\u00e9 \u00ab\u00a0exactement le m\u00eame\u00a0\u00bb souci que son co\u00e9quipier, alors qu&rsquo;il avait pr\u00e9venu l&rsquo;\u00e9quipe de ses difficult\u00e9s \u00e0 remettre la moto dans une position normale pendant le drapeau rouge, et que des modifications ont \u00e9t\u00e9 faites.<\/p>\n<p>\u00ab\u00a0Il y a eu une fuite d&rsquo;huile et il est rest\u00e9 en bas\u00a0\u00bb, a pr\u00e9cis\u00e9 Rins, qui n&rsquo;avait jamais connu de d\u00e9convenues de la sorte cette saison\u00a0: \u00ab\u00a0C&rsquo;est la premi\u00e8re fois [que \u00e7a arrive]. \u00c7a m&rsquo;est arriv\u00e9 dans certaines courses mais cette ann\u00e9e, c&rsquo;est la premi\u00e8re course. C&rsquo;est vraiment bizarre que ce soit pour les deux pilotes en m\u00eame temps.\u00a0\u00bb<\/p>\n<p>Les probl\u00e8mes li\u00e9s au holeshot device ont \u00e9t\u00e9 nombreux \u00e0 Silverstone. La chute d&rsquo;<a href=\"https:\/\/fr.motorsport.com\/driver\/alex-marquez\/96324\/\" target=\"_blank\" rel=\"noopener\">\u00c1lex M\u00e1rquez<\/a> au premier \u00e9t\u00e9 en partie caus\u00e9e par le dispositif, puisqu&rsquo;il a pris trop d&rsquo;angle pour que le syst\u00e8me puisse se d\u00e9senclencher. <a href=\"https:\/\/fr.motorsport.com\/driver\/enea-bastianini\/109398\/\" target=\"_blank\" rel=\"noopener\">Enea Bastianini<\/a> a de son c\u00f4t\u00e9 fait l&rsquo;int\u00e9gralit\u00e9 du premier tour de la course avec le syst\u00e8me activ\u00e9 \u00e0 l&rsquo;avant, sans parvenir \u00e0 le d\u00e9sengager.<\/p>\n<p>Une grosse frayeur avec Bagnaia<\/p>\n<p>Avant cette m\u00e9saventure technique, \u00c1lex Rins s&rsquo;\u00e9tait fait une grosse frayeur quand <a href=\"https:\/\/fr.motorsport.com\/driver\/pecco-bagnaia\/109394\/\" target=\"_blank\" rel=\"noopener\">Pecco Bagnaia<\/a> est tomb\u00e9 juste devant lui \u00e0 Luffied. Il a eu peur de percuter le pilote Ducati mais il a finalement pu \u00e9viter un accident potentiellement tr\u00e8s dangereux.<\/p>\n<p>\u00ab\u00a0C&rsquo;\u00e9tait super effrayant avec Pecco parce que quand il est tomb\u00e9, j&rsquo;ai failli percuter son corps. \u00c7a m&rsquo;a aussi fait perdre beaucoup de place mais \u00e7a faisait assez peur.\u00a0\u00bb<\/p>\n<p>\u00ab\u00a0Je me suis dit que j&rsquo;allais passer sur son cou\u00a0\u00bb, a ajout\u00e9 Rins. \u00ab\u00a0Il est tomb\u00e9 devant moi, j&rsquo;ai clairement vu son cou. J&rsquo;ai redress\u00e9 la moto, j&rsquo;ai saisi les freins et gr\u00e2ce \u00e0 Dieu j&rsquo;ai pu l&rsquo;\u00e9viter, mais je me dirigeais directement sur lui.\u00a0\u00bb<\/p>\n<p style=\"text-align: right;\">Avec\u00a0Germ\u00e1n Garcia Casanova<\/p>\n<p>Lire aussi :<\/p>\n<p>Dans cet article<\/p>\n<p>    Vincent Lalanne-Sicaud\n<\/p>\n<p>    MotoGP\n<\/p>\n<p>    \u00c1lex Rins\n<\/p>\n<p>    Yamaha Factory Racing\n<\/p>\n<p>Soyez le premier inform\u00e9 et souscrivez aux alertes mails pour recevoir les infos en temps r\u00e9el<\/p>\n<p>    S&rsquo;abonner aux alertes de news<\/p>\n","protected":false},"excerpt":{"rendered":"Fabio Quartararo a vu une probable victoire s&rsquo;envoler avec la casse de son variateur de hauteur arri\u00e8re sur&hellip;\n","protected":false},"author":2,"featured_media":139460,"comment_status":"","ping_status":"","sticky":false,"template":"","format":"standard","meta":{"footnotes":""},"categories":[1413],"tags":[1011,27,23124,1457,1456,1458,23125,60,10648,3796],"class_list":{"0":"post-139459","1":"post","2":"type-post","3":"status-publish","4":"format-standard","5":"has-post-thumbnail","7":"category-moto","8":"tag-fr","9":"tag-france","10":"tag-gp-de-grande-bretagne","11":"tag-moto","12":"tag-motocycle","13":"tag-motogp","14":"tag-silverstone","15":"tag-sports","16":"tag-u00c1lex-rins","17":"tag-yamaha-factory-racing"},"share_on_mastodon":{"url":"https:\/\/pubeurope.com\/@fr\/114597365228079476","error":""},"_links":{"self":[{"href":"https:\/\/www.europesays.com\/fr\/wp-json\/wp\/v2\/posts\/139459","targetHints":{"allow":["GET"]}}],"collection":[{"href":"https:\/\/www.europesays.com\/fr\/wp-json\/wp\/v2\/posts"}],"about":[{"href":"https:\/\/www.europesays.com\/fr\/wp-json\/wp\/v2\/types\/post"}],"author":[{"embeddable":true,"href":"https:\/\/www.europesays.com\/fr\/wp-json\/wp\/v2\/users\/2"}],"replies":[{"embeddable":true,"href":"https:\/\/www.europesays.com\/fr\/wp-json\/wp\/v2\/comments?post=139459"}],"version-history":[{"count":0,"href":"https:\/\/www.europesays.com\/fr\/wp-json\/wp\/v2\/posts\/139459\/revisions"}],"wp:featuredmedia":[{"embeddable":true,"href":"https:\/\/www.europesays.com\/fr\/wp-json\/wp\/v2\/media\/139460"}],"wp:attachment":[{"href":"https:\/\/www.europesays.com\/fr\/wp-json\/wp\/v2\/media?parent=139459"}],"wp:term":[{"taxonomy":"category","embeddable":true,"href":"https:\/\/www.europesays.com\/fr\/wp-json\/wp\/v2\/categories?post=139459"},{"taxonomy":"post_tag","embeddable":true,"href":"https:\/\/www.europesays.com\/fr\/wp-json\/wp\/v2\/tags?post=139459"}],"curies":[{"name":"wp","href":"https:\/\/api.w.org\/{rel}","templated":true}]}}