{"id":13946,"date":"2025-04-10T01:32:15","date_gmt":"2025-04-10T01:32:15","guid":{"rendered":"https:\/\/www.europesays.com\/fr\/13946\/"},"modified":"2025-04-10T01:32:15","modified_gmt":"2025-04-10T01:32:15","slug":"le-pouzin-la-cie-jet-dencre-et-sa-nouvelle-comedie-samedi-12-avril","status":"publish","type":"post","link":"https:\/\/www.europesays.com\/fr\/13946\/","title":{"rendered":"Le Pouzin. La cie Jet d\u2019encre et sa nouvelle com\u00e9die samedi 12\u00a0 avril"},"content":{"rendered":"<p>La troupe de th\u00e9\u00e2tre amateur Le Jet d\u2019encre jouera \u00e0 la salle \u00c9dith-Piaf samedi 12\u00a0avril \u00e0 20\u00a0heures pour jouer la com\u00e9die Vous avez de la chance inspir\u00e9e de la pi\u00e8ce de Patricia Haube. \u00c0 la suite d\u2019une erreur de transmission d\u2019un dossier d\u2019Antoine, son assistant hypocondriaque, daltonien et quelque peu empot\u00e9, Pierre, architecte de renom, se retrouve dans une situation embarrassante. Il va alors cumuler les mensonges pour rassurer son client furieux et en profiter pour cong\u00e9dier une ma\u00eetresse encombrante, g\u00e9rer le retour de sa femme en week-end dans un camp de naturistes\u2026. <\/p>\n<p class=\"note\"> Billetterie sur place d\u00e8s 19\u00a0h\u00a030. Tarif 10\u00a0\u20ac\/ r\u00e9duit 8\u00a0\u20ac.<\/p>\n","protected":false},"excerpt":{"rendered":"La troupe de th\u00e9\u00e2tre amateur Le Jet d\u2019encre jouera \u00e0 la salle \u00c9dith-Piaf samedi 12\u00a0avril \u00e0 20\u00a0heures pour&hellip;\n","protected":false},"author":2,"featured_media":13947,"comment_status":"","ping_status":"","sticky":false,"template":"","format":"standard","meta":{"footnotes":""},"categories":[2819],"tags":[1111,11,1687,4645,1777,674,1795,1011,27,6148,12,2401,882,25,3140,6149],"class_list":{"0":"post-13946","1":"post","2":"type-post","3":"status-publish","4":"format-standard","5":"has-post-thumbnail","7":"category-nice","8":"tag-actu","9":"tag-actualites","10":"tag-culture-loisirs","11":"tag-edition-aubenas-privas-vallee-du-rhone","12":"tag-eu","13":"tag-europe","14":"tag-fil-web","15":"tag-fr","16":"tag-france","17":"tag-le-pouzin","18":"tag-news","19":"tag-nice","20":"tag-provence-alpes-cote-dazur","21":"tag-republique-francaise","22":"tag-spectacle","23":"tag-vallee-de-louveze"},"share_on_mastodon":{"url":"https:\/\/pubeurope.com\/@fr\/114311092166705962","error":""},"_links":{"self":[{"href":"https:\/\/www.europesays.com\/fr\/wp-json\/wp\/v2\/posts\/13946","targetHints":{"allow":["GET"]}}],"collection":[{"href":"https:\/\/www.europesays.com\/fr\/wp-json\/wp\/v2\/posts"}],"about":[{"href":"https:\/\/www.europesays.com\/fr\/wp-json\/wp\/v2\/types\/post"}],"author":[{"embeddable":true,"href":"https:\/\/www.europesays.com\/fr\/wp-json\/wp\/v2\/users\/2"}],"replies":[{"embeddable":true,"href":"https:\/\/www.europesays.com\/fr\/wp-json\/wp\/v2\/comments?post=13946"}],"version-history":[{"count":0,"href":"https:\/\/www.europesays.com\/fr\/wp-json\/wp\/v2\/posts\/13946\/revisions"}],"wp:featuredmedia":[{"embeddable":true,"href":"https:\/\/www.europesays.com\/fr\/wp-json\/wp\/v2\/media\/13947"}],"wp:attachment":[{"href":"https:\/\/www.europesays.com\/fr\/wp-json\/wp\/v2\/media?parent=13946"}],"wp:term":[{"taxonomy":"category","embeddable":true,"href":"https:\/\/www.europesays.com\/fr\/wp-json\/wp\/v2\/categories?post=13946"},{"taxonomy":"post_tag","embeddable":true,"href":"https:\/\/www.europesays.com\/fr\/wp-json\/wp\/v2\/tags?post=13946"}],"curies":[{"name":"wp","href":"https:\/\/api.w.org\/{rel}","templated":true}]}}