{"id":139463,"date":"2025-05-30T14:57:08","date_gmt":"2025-05-30T14:57:08","guid":{"rendered":"https:\/\/www.europesays.com\/fr\/139463\/"},"modified":"2025-05-30T14:57:08","modified_gmt":"2025-05-30T14:57:08","slug":"cyclisme-route-jakob-fuglsang-mettra-un-terme-a-sa-carriere-des-la-fin-du-giro-ditalia","status":"publish","type":"post","link":"https:\/\/www.europesays.com\/fr\/139463\/","title":{"rendered":"Cyclisme. Route &#8211; Jakob Fuglsang mettra un terme \u00e0 sa carri\u00e8re d\u00e8s la fin du Giro d&rsquo;Italia"},"content":{"rendered":"<p>Apr\u00e8s <strong><a href=\"https:\/\/www.cyclismactu.net\/..\/news-cyclisme-route-simon-clarke-va-prendre-sa-retraite-en-australie-debut-2026-88058.html\" target=\"_blank\" rel=\"noopener\">Simon Clarke<\/a> <\/strong>ou encore <strong><a href=\"https:\/\/www.cyclismactu.net\/..\/news-cyclisme-route-4-victoires-sur-tour-2-monuments-une-legende-va-prendre-sa-retraite-88113.html\" target=\"_blank\" rel=\"noopener\">Alexandre Kristoff<\/a><\/strong>\u00a0qui ont tout deux annonc\u00e9 leur fin de carri\u00e8re ces prochains mois, c&rsquo;est <strong>Jakob Fuglsang<\/strong>\u00a0qui a expliqu\u00e9 ce jeudi prendre sa retraite \u00e0 l&rsquo;issue du <strong>Tour d&rsquo;Italie<\/strong>\u00a0qu&rsquo;il dispute en ce moment avec sa formation, l&rsquo;\u00e9quipe\u00a0<strong>Israel-Premier Tech. <\/strong>Cette annonce est survenue dans une vid\u00e9o publi\u00e9e sur les r\u00e9seaux sociaux par le Danois et son \u00e9quipe. Avec deux monuments (Li\u00e8ge-Bastogne-Li\u00e8ge 2019 et le Tour de Lombardie 2020) ainsi que deux <strong>Criterium du Dauphin\u00e9<\/strong>, c&rsquo;est un grand coureur de ces derni\u00e8res ann\u00e9es qui tirera sa r\u00e9v\u00e9rence dans quelques jours \u00e0 Rome.<\/p>\n<p>Vid\u00e9o &#8211; Jakob Fulgsang prendra sa retraite ce dimanche Lire la suite de l&rsquo;article&#13;<\/p>\n<p>\u00a0<\/p>\n<p>&#13;<br \/>\n\u00ab\u00a0Je suis heureux de pouvoir finir \u00e0 un niveau qui peut faire la diff\u00e9rence\u00a0\u00bb&#13;<\/p>\n<p>A 40 ans, <strong>Jakob Fuglsang<\/strong>\u00a0tourne la page d&rsquo;une carri\u00e8re longue de 17 ans et aur\u00e9ol\u00e9e de 27 succ\u00e8s chez les professionnels :\u00a0\u00ab\u00a0Quand j&rsquo;ai sign\u00e9 mon dernier contrat avec l&rsquo;\u00e9quipe l&rsquo;ann\u00e9e derni\u00e8re, nous nous sommes entendus sur un contrat de 7 mois afin de pouvoir faire partie du projet de classement g\u00e9n\u00e9ral avec Derek que nous avons commenc\u00e9 sur le Dauphin\u00e9 et ce fut une aventure incroyable. Mais les 7 mois se rapprochent en m\u00eame temps que nos ambitions au classement g\u00e9n\u00e9ral sur le Giro et je suis l\u00e0 pour annoncer que l&rsquo;\u00e9tape de dimanche sur le Giro sera ma derni\u00e8re course pour Israel-Premier Tech. Ca a \u00e9t\u00e9 une aventure fantastique et j&rsquo;en ai profit\u00e9 et je suis heureux de pouvoir finir \u00e0 un niveau qui peut faire la diff\u00e9rence.\u00a0\u00bb<\/p>\n","protected":false},"excerpt":{"rendered":"Apr\u00e8s Simon Clarke ou encore Alexandre Kristoff\u00a0qui ont tout deux annonc\u00e9 leur fin de carri\u00e8re ces prochains mois,&hellip;\n","protected":false},"author":2,"featured_media":139464,"comment_status":"","ping_status":"","sticky":false,"template":"","format":"standard","meta":{"footnotes":""},"categories":[1411],"tags":[1154,207,211,1011,27,209,60,210,212,208,213],"class_list":{"0":"post-139463","1":"post","2":"type-post","3":"status-publish","4":"format-standard","5":"has-post-thumbnail","7":"category-cyclisme","8":"tag-cycling","9":"tag-cyclisme","10":"tag-ffc","11":"tag-fr","12":"tag-france","13":"tag-route","14":"tag-sports","15":"tag-tour-de-france","16":"tag-uci","17":"tag-velo","18":"tag-world-tour"},"share_on_mastodon":{"url":"https:\/\/pubeurope.com\/@fr\/114597373149210748","error":""},"_links":{"self":[{"href":"https:\/\/www.europesays.com\/fr\/wp-json\/wp\/v2\/posts\/139463","targetHints":{"allow":["GET"]}}],"collection":[{"href":"https:\/\/www.europesays.com\/fr\/wp-json\/wp\/v2\/posts"}],"about":[{"href":"https:\/\/www.europesays.com\/fr\/wp-json\/wp\/v2\/types\/post"}],"author":[{"embeddable":true,"href":"https:\/\/www.europesays.com\/fr\/wp-json\/wp\/v2\/users\/2"}],"replies":[{"embeddable":true,"href":"https:\/\/www.europesays.com\/fr\/wp-json\/wp\/v2\/comments?post=139463"}],"version-history":[{"count":0,"href":"https:\/\/www.europesays.com\/fr\/wp-json\/wp\/v2\/posts\/139463\/revisions"}],"wp:featuredmedia":[{"embeddable":true,"href":"https:\/\/www.europesays.com\/fr\/wp-json\/wp\/v2\/media\/139464"}],"wp:attachment":[{"href":"https:\/\/www.europesays.com\/fr\/wp-json\/wp\/v2\/media?parent=139463"}],"wp:term":[{"taxonomy":"category","embeddable":true,"href":"https:\/\/www.europesays.com\/fr\/wp-json\/wp\/v2\/categories?post=139463"},{"taxonomy":"post_tag","embeddable":true,"href":"https:\/\/www.europesays.com\/fr\/wp-json\/wp\/v2\/tags?post=139463"}],"curies":[{"name":"wp","href":"https:\/\/api.w.org\/{rel}","templated":true}]}}