{"id":139467,"date":"2025-05-30T14:59:11","date_gmt":"2025-05-30T14:59:11","guid":{"rendered":"https:\/\/www.europesays.com\/fr\/139467\/"},"modified":"2025-05-30T14:59:11","modified_gmt":"2025-05-30T14:59:11","slug":"de-la-guerilla-au-cinema-latypique-ambassadeur-colombien-en-chine-actualites","status":"publish","type":"post","link":"https:\/\/www.europesays.com\/fr\/139467\/","title":{"rendered":"De la gu\u00e9rilla au cin\u00e9ma: l&rsquo;atypique ambassadeur colombien en Chine : Actualit\u00e9s"},"content":{"rendered":"<p class=\"lead \">Ex-garde rouge dans la Chine mao\u00efste puis gu\u00e9rillero, le r\u00e9alisateur Sergio Cabrera est aujourd&rsquo;hui ambassadeur de Colombie \u00e0 P\u00e9kin, assumant que Bogota s&rsquo;\u00e9loigne de l&rsquo;orbite am\u00e9ricaine pour se rapprocher du g\u00e9ant asiatique.<\/p>\n<p class=\"lead \">Ag\u00e9 de 75 ans, il \u00e9tait arriv\u00e9 en 1963 dans la capitale chinoise avec ses parents, communistes convaincus qui s&rsquo;\u00e9taient install\u00e9s dans ce pays alors isol\u00e9 et pauvre pour enseigner l&rsquo;espagnol.<\/p>\n<p class=\"lead \">Son retour \u00e9tait \u00ab\u00a0tr\u00e8s \u00e9mouvant\u00a0\u00bb car il a retrouv\u00e9 une ville m\u00e9tamorphos\u00e9e, parsem\u00e9e de gratte-ciel et sillonn\u00e9e de voitures \u00e9lectriques dernier cri.<\/p>\n<p class=\"lead \">\u00ab\u00a0Compar\u00e9e \u00e0 Bogota, P\u00e9kin \u00e9tait un village\u00a0\u00bb \u00e0 l&rsquo;\u00e9poque, raconte \u00e0 l&rsquo;AFP Sergio Cabrera, depuis l&rsquo;ambassade de Colombie \u00e0 P\u00e9kin, o\u00f9 les murs sont d\u00e9cor\u00e9s d&rsquo;affiches de ses films.<\/p>\n<p class=\"lead \">\u00ab\u00a0C&rsquo;\u00e9tait une ville qui semblait b\u00e2tie sur un seul \u00e9tage, sans voitures ni grandes avenues, o\u00f9 tout le monde s&rsquo;habillait pareil\u00a0\u00bb, se rem\u00e9more-t-il.<\/p>\n<p class=\"lead \">\u00ab\u00a0Aujourd&rsquo;hui, on voit un pays plein d&rsquo;abondance et d&rsquo;opportunit\u00e9s, o\u00f9 l&rsquo;on trouve de tout. Mais \u00e0 l&rsquo;\u00e9poque, il n&rsquo;y avait rien\u00a0\u00bb, souligne l&rsquo;ambassadeur.<\/p>\n<p class=\"lead \">Le Grand Bond en avant, cette r\u00e9forme radicale lanc\u00e9e par Mao Ts\u00e9-toung, le fondateur de la Chine socialiste, afin de moderniser l&rsquo;\u00e9conomie rurale, venait juste de s&rsquo;achever &#8211; apr\u00e8s avoir fait des millions de morts de faim.<\/p>\n<p class=\"lead \">La famille de Sergio Cabrera avait besoin de tickets de rationnement pour se fournir en farine ou v\u00eatements.<\/p>\n<p class=\"lead \">\u00ab\u00a0Je suis ambassadeur depuis plus de deux ans. Mais il m&rsquo;arrive encore de passer devant certains endroits et de me dire: +ce n&rsquo;est pas possible+\u00a0\u00bb, tant tout a chang\u00e9, confie-t-il.<\/p>\n<p class=\"lead \">Dans le P\u00e9kin des ann\u00e9es 1960, Sergio Cabrera apprend le chinois, puis rejoint les Gardes rouges pendant la R\u00e9volution culturelle, cette campagne politique lanc\u00e9e par Mao qui a provoqu\u00e9 une d\u00e9cennie de chaos dans le pays.<\/p>\n<p class=\"lead \">&#8211; \u00ab\u00a0Brebis galeuse\u00a0\u00bb &#8211;<\/p>\n<p class=\"lead \">Form\u00e9 par l&rsquo;arm\u00e9e chinoise, il retourne ensuite en Colombie pour rejoindre une gu\u00e9rilla mao\u00efste oppos\u00e9e aux autorit\u00e9s colombiennes de l&rsquo;\u00e9poque, qu&rsquo;il finit par quitter quatre ans plus tard, \u00ab\u00a0profond\u00e9ment d\u00e9\u00e7u\u00a0\u00bb.<\/p>\n<p class=\"lead \">\u00ab\u00a0Je me suis rendu compte qu&rsquo;il y avait une sorte de tendance chez certains \u00e0 la mythomanie, \u00e0 se croire tr\u00e8s forts et \u00e0 finir par s&rsquo;en persuader\u00a0\u00bb, confie-t-il.<\/p>\n<p class=\"lead \">Il est ensuite revenu en Chine, o\u00f9 il a suivi des \u00e9tudes universitaires avant de se consacrer \u00e0 son r\u00eave de toujours: le cin\u00e9ma.<\/p>\n<p class=\"lead \">Avec des films tr\u00e8s engag\u00e9s politiquement, comme \u00ab\u00a0La strat\u00e9gie de l&rsquo;escargot\u00a0\u00bb, son \u0153uvre la plus c\u00e9l\u00e8bre, il dit avoir trouv\u00e9 une voie \u00ab\u00a0pour r\u00e9volutionner un peu l&rsquo;esprit du public\u00a0\u00bb.<\/p>\n<p class=\"lead \">\u00ab\u00a0Je me suis dit: puisque je ne peux pas le faire par la force, par les balles, je vais le faire par la voie pacifique\u00a0\u00bb, explique le r\u00e9alisateur.<\/p>\n<p class=\"lead \">Epris de cin\u00e9ma, qui consiste selon lui \u00e0 \u00ab\u00a0cr\u00e9er des mondes\u00a0\u00bb, il est aujourd&rsquo;hui confront\u00e9 \u00e0 la r\u00e9alit\u00e9 en tant que diplomate.<\/p>\n<p class=\"lead \">Le premier pr\u00e9sident de gauche de la Colombie, Gustavo Petro, lui a confi\u00e9 la mission de resserrer les liens du pays \u2014 historiquement align\u00e9 sur les Etats-Unis \u2014 avec le g\u00e9ant asiatique.<\/p>\n<p class=\"lead \">Dans le cadre de cette strat\u00e9gie, Bogota a sign\u00e9 en mai son adh\u00e9sion au grand projet chinois d&rsquo;infrastructures des \u00ab\u00a0Nouvelles routes de la soie\u00a0\u00bb, auquel s&rsquo;\u00e9taient d\u00e9j\u00e0 joints les deux tiers des pays d&rsquo;Am\u00e9rique latine.<\/p>\n<p class=\"lead \">\u00ab\u00a0Nous \u00e9tions un peu la brebis galeuse du troupeau\u00a0\u00bb, sourit Sergio Cabrera, qui estime cette d\u00e9cision \u00ab\u00a0tr\u00e8s b\u00e9n\u00e9fique\u00a0\u00bb pour son pays.<\/p>\n<p class=\"lead \">&#8211; \u00ab\u00a0D\u00e9licat\u00a0\u00bb &#8211;<\/p>\n<p class=\"lead \">L&rsquo;accord a toutefois irrit\u00e9 l&rsquo;administration de Donald Trump, particuli\u00e8rement m\u00e9fiante face \u00e0 l&rsquo;influence croissante de P\u00e9kin dans une r\u00e9gion longtemps consid\u00e9r\u00e9e par Washington comme relevant de sa sph\u00e8re d&rsquo;influence.<\/p>\n<p class=\"lead \">Sergio Cabrera reconna\u00eet que le rapprochement entre Bogota et P\u00e9kin survient \u00e0 un moment \u00ab\u00a0d\u00e9licat\u00a0\u00bb: \u00ab\u00a0il y a eu des frictions, et nous savons que le pr\u00e9sident Trump est oppos\u00e9 \u00e0 tout rapprochement avec la Chine\u00a0\u00bb, souligne-t-il.<\/p>\n<p class=\"lead \">Mais \u00ab\u00a0la souverainet\u00e9 d&rsquo;un pays ne peut d\u00e9pendre (d&rsquo;une pr\u00e9tendue) n\u00e9cessit\u00e9 d&rsquo;\u00eatre alli\u00e9 \u00e0 un autre\u00a0\u00bb, note-t-il.<\/p>\n<p class=\"lead \">Le rapprochement sino-colombien \u00e9tait en gestation depuis plusieurs ann\u00e9es.<\/p>\n<p class=\"lead \">Les importations venues de Chine ont doubl\u00e9 en 10 ans. Elles ont atteint les 14,7 milliards de dollars en 2024.<\/p>\n<p class=\"lead \">Au premier trimestre 2025, elles ont m\u00eame d\u00e9pass\u00e9 celles en provenance des Etats-Unis, qui restent n\u00e9anmoins le principal d\u00e9bouch\u00e9 des exportations colombiennes &#8211; absorbant pr\u00e8s de 30% du total.<\/p>\n<p class=\"lead \">Ce poids des exportations vers les Etats-Unis rend les cercles d&rsquo;affaires colombiens parfois dubitatifs \u00e0 l&rsquo;\u00e9gard de l&rsquo;accord sign\u00e9 avec P\u00e9kin.<\/p>\n<p class=\"lead \">Mais Sergio Cabrera invite \u00e0 d\u00e9passer \u00ab\u00a0la peur des r\u00e9actions am\u00e9ricaines\u00a0\u00bb.<\/p>\n<p class=\"lead \">Selon lui, l&rsquo;accord pourrait favoriser les investissements dans les secteurs des transports et des \u00e9nergies bas carbone et faciliter l&rsquo;acc\u00e8s au march\u00e9 chinois du b\u0153uf ou du caf\u00e9 colombiens.<\/p>\n<p class=\"lead \">Les perspectives seraient encore meilleures avec un accord de libre-\u00e9change avec la Chine, comme ceux sign\u00e9s par le Chili ou le P\u00e9rou, estime Sergio Cabrera. <\/p>\n<p class=\"lead \">Mais \u00ab\u00a0le climat\u00a0\u00bb actuel en Colombie n&rsquo;y est pour l&rsquo;instant \u00ab\u00a0pas favorable\u00a0\u00bb, d\u00e9plore-t-il.<\/p>\n","protected":false},"excerpt":{"rendered":"Ex-garde rouge dans la Chine mao\u00efste puis gu\u00e9rillero, le r\u00e9alisateur Sergio Cabrera est aujourd&rsquo;hui ambassadeur de Colombie \u00e0&hellip;\n","protected":false},"author":2,"featured_media":139468,"comment_status":"","ping_status":"","sticky":false,"template":"","format":"standard","meta":{"footnotes":""},"categories":[1359],"tags":[13790,309,1972,9395,312,58,59,1011,27,973],"class_list":{"0":"post-139467","1":"post","2":"type-post","3":"status-publish","4":"format-standard","5":"has-post-thumbnail","7":"category-people","8":"tag-conomie","9":"tag-chine","10":"tag-cinma","11":"tag-colombie","12":"tag-diplomatie","13":"tag-divertissement","14":"tag-entertainment","15":"tag-fr","16":"tag-france","17":"tag-people"},"share_on_mastodon":{"url":"https:\/\/pubeurope.com\/@fr\/114597381050062875","error":""},"_links":{"self":[{"href":"https:\/\/www.europesays.com\/fr\/wp-json\/wp\/v2\/posts\/139467","targetHints":{"allow":["GET"]}}],"collection":[{"href":"https:\/\/www.europesays.com\/fr\/wp-json\/wp\/v2\/posts"}],"about":[{"href":"https:\/\/www.europesays.com\/fr\/wp-json\/wp\/v2\/types\/post"}],"author":[{"embeddable":true,"href":"https:\/\/www.europesays.com\/fr\/wp-json\/wp\/v2\/users\/2"}],"replies":[{"embeddable":true,"href":"https:\/\/www.europesays.com\/fr\/wp-json\/wp\/v2\/comments?post=139467"}],"version-history":[{"count":0,"href":"https:\/\/www.europesays.com\/fr\/wp-json\/wp\/v2\/posts\/139467\/revisions"}],"wp:featuredmedia":[{"embeddable":true,"href":"https:\/\/www.europesays.com\/fr\/wp-json\/wp\/v2\/media\/139468"}],"wp:attachment":[{"href":"https:\/\/www.europesays.com\/fr\/wp-json\/wp\/v2\/media?parent=139467"}],"wp:term":[{"taxonomy":"category","embeddable":true,"href":"https:\/\/www.europesays.com\/fr\/wp-json\/wp\/v2\/categories?post=139467"},{"taxonomy":"post_tag","embeddable":true,"href":"https:\/\/www.europesays.com\/fr\/wp-json\/wp\/v2\/tags?post=139467"}],"curies":[{"name":"wp","href":"https:\/\/api.w.org\/{rel}","templated":true}]}}