{"id":139473,"date":"2025-05-30T15:02:10","date_gmt":"2025-05-30T15:02:10","guid":{"rendered":"https:\/\/www.europesays.com\/fr\/139473\/"},"modified":"2025-05-30T15:02:10","modified_gmt":"2025-05-30T15:02:10","slug":"avant-premiere-demain-nous-appartient-du-30-mai-2025-episode-1955-tf1","status":"publish","type":"post","link":"https:\/\/www.europesays.com\/fr\/139473\/","title":{"rendered":"Avant-premi\u00e8re &#8211; Demain nous appartient du 30 mai 2025 &#8211; Episode 1955 &#8211; TF1+"},"content":{"rendered":"<ol>\n<li><a href=\"https:\/\/news.google.com\/rss\/articles\/CBMizAFBVV95cUxOQ19UcFBLR3ZjdEFqanVuV1RvQ0dNLUhwVFh5cFR3c2xEaDFOWEJEUUhKOFdpZXhyWC0tMy1yWVh6Zl9VTzdOMTk4elFwYkRTbmo3ZWM2RXRYZ1RSb2xvUlN1TWtsc1JwM1ZjbWs3aFZMRFg4ZXhmdnZDbUY4Wl9xU2wxMHJhbU1xel9taWpkQ1dET0R1SWM1R0FkRy03REplVFBXN1BDQ1l0bnJoN0lKeHhOUldkVmZ5N1gxRjh4MEdzLWMwdXlPQVRzSng?oc=5\" target=\"_blank\" rel=\"noopener\">Avant-premi\u00e8re &#8211; Demain nous appartient du 30 mai 2025 &#8211; Episode 1955<\/a>&nbsp;&nbsp;TF1+<\/li>\n<li><a href=\"https:\/\/news.google.com\/rss\/articles\/CBMivwJBVV95cUxNYmRmNDZpeGdweV9uTVRfcFlQbmxBY0o1aHdHbjFqdWpwamx0ZE15R0RoOGJPSEpWSE1EckRLZGtQT3c1aE9MaDczLVB0ajVZN2laa2FWZUoxVkRXNVZJU29xcE5GRm1zSlEwSk9ucHFNT04xWldMQnhKeUNnbk9vWGo5VUZsSHRyYjNPVnVMNUI3MEhISDJpT2YtMTg2ZndoOVdnR21LVHAtVDI2SXE1WDJBdmJQTzZxRF9ZOURrNVZmMFR4anVoTHRxV05XQmNtMVNQblNwUi1HZ1RKdWRzUmtQYjVsV1hId2owalROclZHeEk1bGU4aEowc19zelZ1TFI0WkFPRnNoSng2S2NCc0hkdEt0bGVsTTc4N1ZkMEdGS2c2S2xlTWR4SUl2clhjZnNKRmxVRHRDWVhHSm5F?oc=5\" target=\"_blank\" rel=\"noopener\">Demain nous appartient en avance : Violette parle en secret \u00e0 son p\u00e8re ! Marine est pr\u00eate \u00e0 tout pour reconqu\u00e9rir Fred&#8230; Le r\u00e9sum\u00e9 de l&rsquo;\u00e9pisode 1955 du vendredi 30 mai 2025<\/a>&nbsp;&nbsp;programme-tv.net<\/li>\n<li><a href=\"https:\/\/news.google.com\/rss\/articles\/CBMi_AFBVV95cUxOOWZlcFJVQmFrRERoWEdlLVdVWFl6SzRkNmlTSHY1eVpCVFV5Z3M3Y0NqTWxzUWZjVzdGMlNZYkIxTVUwc0FLc1daUFcyLXBqODZ4MjRnajFwMG0wOWdLYmE4UXFkUnNXR1hpVkJPWERkM0wxVVlzZ1FxM0IxSGVBa1FhdkFaTUJtX1Q3OHpVT05pWkowMlRpeGx3aG9OTWFydGNKS3ZqaTRkSDlnN0xyNXpQVXZveWtxeFNwdmtMaURFVXppV3cwbGJYNkJXTEx6T3k4emV3cHU2b0VUVE9MZDFSY3gxejc5UzlaZ1ZIQnh6REhkOU9XNVJlamE?oc=5\" target=\"_blank\" rel=\"noopener\">Demain nous appartient 30 mai 2025 [CRITIQUE \u2013 \u00e9pisode 1955] : Charles &amp; Valentine : ce moment qu\u2019on n\u2019attendait plus&#8230; et qui change tout<\/a>&nbsp;&nbsp;Nouveaut\u00e9s-T\u00e9l\u00e9.com<\/li>\n<li><a href=\"https:\/\/news.google.com\/rss\/articles\/CBMi7AFBVV95cUxNREktRHJwODl1eDlIa1FrZWV3Ql94WXp1ME5OcGRTc0pGMzlueWI1SzlKZFdvMG1mbmZXb0V2bmtyWXJjdFJQb1hqMjlXcTZxaUtIdjBOVjBQNmVHOExwWUt4R2h3YkVnQW1SbXRoaUlmeWV4SUk2aDZ0ampPT3VkOTNOYVhScm8talJJeFp1TllJVmVMc3p2Nlh2eVNsX01rRE45Ykk5MUM5elgtd1UyaThBOHZDdENrRXNYT3RBY2hMeHo5NEowYWFUSWowN2NiOG5BOXB0WlBjVERzYTk4azZvcjZDRGp2MEFZeQ?oc=5\" target=\"_blank\" rel=\"noopener\">Demain nous appartient : \u00ab\u00a0Tu joues \u00e0 un jeu dangereux\u2026\u00a0\u00bb Le r\u00e9sum\u00e9 du 29 mai (SPOILERS)<\/a>&nbsp;&nbsp;T\u00e9l\u00e9 7 Jours<\/li>\n<li><a href=\"https:\/\/news.google.com\/rss\/articles\/CBMiqgJBVV95cUxPTDJoU3BEYUd1d1FXNDg3SzAwdFdNdjNLOHAtSUhqN2YxSGZET2FLUHhNY2k4cE0tMVRZc3VlaWJJVnVXd3hldDVFdzdVeldxMmlwTWVicmM3UFZxWG1oSzJHb2plNkZhMkhocm9naUpjazVRaVJKSl85aHZvZ3pPWHRJcUdNa3gtQlVYd3pLdmxTbEhQYW80b1F0RXVhQ1pwanR2NXM3TzQ1VzgxRnZ6aS02NnJZUnp4WEZkS3dDVWVjUU9qTW9SMGZTdHVJcnE4RlIwdkJmS0xXT3hPaTZBLUtxVVh0M0NXZDlQLTgzRjVfMkJxbm9KNXFrYmluaXI1Tm9aR2lHM1VnWFFxcDl3NWViUTQzazdUeDFDanFqY2stVzgtU0EyN29n?oc=5\" target=\"_blank\" rel=\"noopener\">\u00ab Demain nous appartient \u00bb. Les r\u00e9sum\u00e9s en avance des \u00e9pisodes du 26 au 30 mai 2025<\/a>&nbsp;&nbsp;Programme TV Ouest-France<\/li>\n<\/ol>\n","protected":false},"excerpt":{"rendered":"Avant-premi\u00e8re &#8211; Demain nous appartient du 30 mai 2025 &#8211; Episode 1955&nbsp;&nbsp;TF1+ Demain nous appartient en avance :&hellip;\n","protected":false},"author":2,"featured_media":139474,"comment_status":"","ping_status":"","sticky":false,"template":"","format":"standard","meta":{"footnotes":""},"categories":[1356],"tags":[3598,4090,58,59,1365,4089,1011,27,4092,252,1364,4091,4093],"class_list":{"0":"post-139473","1":"post","2":"type-post","3":"status-publish","4":"format-standard","5":"has-post-thumbnail","7":"category-television","8":"tag-demain-nous-appartient","9":"tag-demain-nous-appartient-episode","10":"tag-divertissement","11":"tag-entertainment","12":"tag-episode","13":"tag-episode-demain-nous-appartient","14":"tag-fr","15":"tag-france","16":"tag-streaming-demain-nous-appartient","17":"tag-television","18":"tag-tv","19":"tag-video-demain-nous-appartient","20":"tag-video-en-streaming-demain-nous-appartient"},"share_on_mastodon":{"url":"https:\/\/pubeurope.com\/@fr\/114597393263372064","error":""},"_links":{"self":[{"href":"https:\/\/www.europesays.com\/fr\/wp-json\/wp\/v2\/posts\/139473","targetHints":{"allow":["GET"]}}],"collection":[{"href":"https:\/\/www.europesays.com\/fr\/wp-json\/wp\/v2\/posts"}],"about":[{"href":"https:\/\/www.europesays.com\/fr\/wp-json\/wp\/v2\/types\/post"}],"author":[{"embeddable":true,"href":"https:\/\/www.europesays.com\/fr\/wp-json\/wp\/v2\/users\/2"}],"replies":[{"embeddable":true,"href":"https:\/\/www.europesays.com\/fr\/wp-json\/wp\/v2\/comments?post=139473"}],"version-history":[{"count":0,"href":"https:\/\/www.europesays.com\/fr\/wp-json\/wp\/v2\/posts\/139473\/revisions"}],"wp:featuredmedia":[{"embeddable":true,"href":"https:\/\/www.europesays.com\/fr\/wp-json\/wp\/v2\/media\/139474"}],"wp:attachment":[{"href":"https:\/\/www.europesays.com\/fr\/wp-json\/wp\/v2\/media?parent=139473"}],"wp:term":[{"taxonomy":"category","embeddable":true,"href":"https:\/\/www.europesays.com\/fr\/wp-json\/wp\/v2\/categories?post=139473"},{"taxonomy":"post_tag","embeddable":true,"href":"https:\/\/www.europesays.com\/fr\/wp-json\/wp\/v2\/tags?post=139473"}],"curies":[{"name":"wp","href":"https:\/\/api.w.org\/{rel}","templated":true}]}}