{"id":139479,"date":"2025-05-30T15:05:10","date_gmt":"2025-05-30T15:05:10","guid":{"rendered":"https:\/\/www.europesays.com\/fr\/139479\/"},"modified":"2025-05-30T15:05:10","modified_gmt":"2025-05-30T15:05:10","slug":"a-61-ans-elle-sent-de-droles-dodeurs-qui-nexistent-pas-avant-dapprendre-quelle-est-atteinte-dun-cancer","status":"publish","type":"post","link":"https:\/\/www.europesays.com\/fr\/139479\/","title":{"rendered":"\u00c0 61 ans, elle sent de dr\u00f4les d&rsquo;odeurs qui n&rsquo;existent pas&#8230; avant d&rsquo;apprendre qu&rsquo;elle est atteinte d&rsquo;un cancer"},"content":{"rendered":"<p>Des effluves \u00e9tranges que personne d\u2019autre ne sent. C\u2019est par ce trouble myst\u00e9rieux que tout commence pour cette femme de 61 ans. Ce qu\u2019elle croyait n\u2019\u00eatre qu\u2019un simple d\u00e9r\u00e8glement sensoriel va finalement r\u00e9v\u00e9ler une r\u00e9alit\u00e9 bien plus grave.<\/p>\n<p>Elle pensait perdre la t\u00eate. Depuis quelques semaines, <strong>cette femme de 61 ans<\/strong> sentait en permanence des odeurs qu\u2019elle seule percevait. Parfum chimique, br\u00fbl\u00e9, parfois m\u00eame de la viande avari\u00e9e. Autour d\u2019elle, personne ne remarquait rien. Inqui\u00e8te, elle finit par consulter. Apr\u00e8s de nombreux examens, le diagnostic tombe : <strong>elle est atteinte d\u2019un cancer<\/strong>. Ce sympt\u00f4me, appel\u00e9 \u00ab phantosmie \u00bb, reste peu connu mais pourrait alerter plus t\u00f4t sur certaines pathologies graves. Son histoire rappelle combien le corps peut parler \u00e0 sa mani\u00e8re.<\/p>\n<p> \t\t\t  Elle sent des odeurs imaginaires : on lui diagnostique un cancer du cerveau   Une alerte olfactive \u00e9trange  <\/p>\n<p><strong>Fiona Charles<\/strong>, 61 ans, retrait\u00e9e et m\u00e8re de trois enfants, commence \u00e0 percevoir de myst\u00e9rieuses odeurs de br\u00fbl\u00e9, inexistantes pour son entourage. D\u2019apr\u00e8s <a href=\"https:\/\/www.dailymail.co.uk\/health\/article-14749543\/brain-tumour-glioblastoma-symptoms-tom-parker-change-smell.html\" target=\"_blank\" rel=\"noopener nofollow\">dailymail.co.uk <\/a>\u00a0ces <strong>hallucinations olfactives<\/strong>, appel\u00e9es phantosmies, sont accompagn\u00e9es de bouff\u00e9es de chaleur et de palpitations. Inqui\u00e8te, Fiona pense \u00e0 un mini-AVC. Pourtant, son m\u00e9decin du NHS la rassure, \u00e9voquant un trouble b\u00e9nin. Ce \u00ab\u00a0d\u00e9tail \u00e9trange\u00a0\u00bb, d\u2019abord minimis\u00e9, sera le premier indice d\u2019un mal bien plus grave. Sensible \u00e0 ce ressenti, sa famille insistera pour approfondir les examens.<\/p>\n<p>    Un second avis crucial  <\/p>\n<p>Insatisfaite de l\u2019avis m\u00e9dical initial, la famille de Fiona obtient une IRM c\u00e9r\u00e9brale en priv\u00e9, en octobre 2024. Le verdict tombe : <strong>glioblastome, une tumeur c\u00e9r\u00e9brale agressive<\/strong> et presque toujours mortelle. <strong>Ce cancer touche environ 2 500 Britanniques chaque ann\u00e9e.<\/strong> Dans la majorit\u00e9 des cas, il \u00e9chappe \u00e0 une d\u00e9tection pr\u00e9coce. Sans ce deuxi\u00e8me avis, Fiona n\u2019aurait peut-\u00eatre jamais su ce qui se tramait. Cette initiative a permis de <a href=\"https:\/\/www.pleinevie.fr\/sante\/ce-signe-anodin-sur-votre-epaule-pourrait-annoncer-un-cancer-du-foie-154422.html\" target=\"_blank\" rel=\"noopener nofollow\">poser un diagnostic<\/a>, mais le pronostic reste sombre car il lui reste entre 12 et 18 mois \u00e0 vivre.<\/p>\n<p>  Le quotidien boulevers\u00e9  <\/p>\n<p>Avant le <a href=\"https:\/\/www.pleinevie.fr\/sante\/ces-10-symptomes-totalement-invisibles-peuvent-reveler-un-cancer-silencieux-155750.html\" target=\"_blank\" rel=\"noopener nofollow\">diagnostic<\/a>, Fiona menait une vie active : golf, balades avec son chien, cuisine. Depuis, elle a achev\u00e9 sa radioth\u00e9rapie et poursuit une chimioth\u00e9rapie \u00e9prouvante. Fatigue, perte de poids et baisse d\u2019app\u00e9tit jalonnent son quotidien. Malgr\u00e9 la maladie, <strong>Fiona s\u2019accroche<\/strong> \u00e0 ses passions, la p\u00e2tisserie et les moments en famille. Son fils Jonny t\u00e9moigne d\u2019une r\u00e9alit\u00e9 bouleversante. Sa m\u00e8re ne verra peut-\u00eatre jamais les mariages ou les naissances \u00e0 venir. L\u2019annonce du diagnostic a marqu\u00e9 un avant et un apr\u00e8s dans leur vie familiale.<\/p>\n<p>     Cancer du cerveau : ce trouble de l\u2019odorat \u00e9tait le premier signe d\u2019un glioblastome   Une maladie trop n\u00e9glig\u00e9e  <\/p>\n<p><strong>Le glioblastome reste m\u00e9connu<\/strong>, alors m\u00eame qu\u2019il est l\u2019un des <a href=\"https:\/\/www.pleinevie.fr\/sante\/cancer-du-pancreas-genetique-pollution-alcool-pourquoi-assiste-t-on-a-une-augmentation-des-cas-81384.html\" target=\"_blank\" rel=\"noopener nofollow\">cancers<\/a> les plus mortels. Les sympt\u00f4mes sont souvent banalis\u00e9s : troubles de l\u2019odorat, maux de t\u00eate, crises d\u2019\u00e9pilepsie, changements de personnalit\u00e9. <strong>Selon la localisation de la tumeur, les signes varient<\/strong>. La pression intracr\u00e2nienne provoque des effets secondaires graves. Malgr\u00e9 cela, seulement 1 % des fonds de recherche sur le cancer y sont allou\u00e9s. Cette in\u00e9galit\u00e9 suscite la col\u00e8re de familles comme celle de Fiona, confront\u00e9es \u00e0 une maladie \u00e0 la fois destructrice et oubli\u00e9e.<\/p>\n<p>  Une mobilisation familiale  <\/p>\n<p>Jonny, le fils de Fiona, a d\u00e9cid\u00e9 de courir le semi-marathon d\u2019\u00c9dimbourg pour <strong>sensibiliser \u00e0 cette maladie et lever des fonds pour la recherche<\/strong>. Son objectif ? Informer, alerter, faire entendre la voix des familles touch\u00e9es. Il refuse que l\u2019histoire de sa m\u00e8re passe inaper\u00e7ue. \u00ab Ce n\u2019est pas une course contre le chrono, mais pour l\u2019espoir \u00bb, dit-il. Le sport devient pour lui un acte de r\u00e9sistance, un cri contre l\u2019indiff\u00e9rence. Il esp\u00e8re que son engagement permettra de sauver d\u2019autres vies \u00e0 l\u2019avenir.<\/p>\n<p>     D\u2019autres victimes, un m\u00eame combat  <\/p>\n<p>Fiona Charles n\u2019est pas la seule. <strong>Tom Parker, chanteur du groupe The Wanted, est mort en 2022 d\u2019un glioblastome<\/strong>. Diagnostiqu\u00e9 en 2020, il s\u2019est battu jusqu\u2019au bout, montant sur sc\u00e8ne entre deux traitements. Sa disparition \u00e0 33 ans a mis en lumi\u00e8re la violence de cette maladie. Comme lui, <strong>Fiona affronte le cancer avec courage<\/strong>, mais aussi lucidit\u00e9. Son histoire, relay\u00e9e par son fils, pourrait faire bouger les lignes. En parler, c\u2019est d\u00e9j\u00e0 agir : pour que chaque sympt\u00f4me \u00e9trange soit entendu.<\/p>\n","protected":false},"excerpt":{"rendered":"Des effluves \u00e9tranges que personne d\u2019autre ne sent. C\u2019est par ce trouble myst\u00e9rieux que tout commence pour cette&hellip;\n","protected":false},"author":2,"featured_media":139480,"comment_status":"","ping_status":"","sticky":false,"template":"","format":"standard","meta":{"footnotes":""},"categories":[10],"tags":[10281,1011,27,72,71],"class_list":{"0":"post-139479","1":"post","2":"type-post","3":"status-publish","4":"format-standard","5":"has-post-thumbnail","7":"category-sante","8":"tag-buzz-nonli","9":"tag-fr","10":"tag-france","11":"tag-health","12":"tag-sante"},"share_on_mastodon":{"url":"https:\/\/pubeurope.com\/@fr\/114597404773025220","error":""},"_links":{"self":[{"href":"https:\/\/www.europesays.com\/fr\/wp-json\/wp\/v2\/posts\/139479","targetHints":{"allow":["GET"]}}],"collection":[{"href":"https:\/\/www.europesays.com\/fr\/wp-json\/wp\/v2\/posts"}],"about":[{"href":"https:\/\/www.europesays.com\/fr\/wp-json\/wp\/v2\/types\/post"}],"author":[{"embeddable":true,"href":"https:\/\/www.europesays.com\/fr\/wp-json\/wp\/v2\/users\/2"}],"replies":[{"embeddable":true,"href":"https:\/\/www.europesays.com\/fr\/wp-json\/wp\/v2\/comments?post=139479"}],"version-history":[{"count":0,"href":"https:\/\/www.europesays.com\/fr\/wp-json\/wp\/v2\/posts\/139479\/revisions"}],"wp:featuredmedia":[{"embeddable":true,"href":"https:\/\/www.europesays.com\/fr\/wp-json\/wp\/v2\/media\/139480"}],"wp:attachment":[{"href":"https:\/\/www.europesays.com\/fr\/wp-json\/wp\/v2\/media?parent=139479"}],"wp:term":[{"taxonomy":"category","embeddable":true,"href":"https:\/\/www.europesays.com\/fr\/wp-json\/wp\/v2\/categories?post=139479"},{"taxonomy":"post_tag","embeddable":true,"href":"https:\/\/www.europesays.com\/fr\/wp-json\/wp\/v2\/tags?post=139479"}],"curies":[{"name":"wp","href":"https:\/\/api.w.org\/{rel}","templated":true}]}}